{"id":4150,"date":"2022-10-04T07:00:00","date_gmt":"2022-10-04T05:00:00","guid":{"rendered":"https:\/\/www.monvillage.cafe\/saintmartinsurecaillon\/?p=4150"},"modified":"2022-09-08T09:30:58","modified_gmt":"2022-09-08T07:30:58","slug":"agenda-culturel-ccps-jazz-en-sol-emoi-festival-de-jazz","status":"publish","type":"post","link":"https:\/\/www.monvillage.cafe\/saintmartinsurecaillon\/agenda-culturel-ccps-jazz-en-sol-emoi-festival-de-jazz\/","title":{"rendered":"Agenda culturel CCPS : Jazz en Sol Emoi, festival de jazz"},"content":{"rendered":"\n<figure class=\"wp-block-image size-large\"><img loading=\"lazy\" decoding=\"async\" width=\"1024\" height=\"576\" src=\"https:\/\/www.monvillage.cafe\/saintmartinsurecaillon\/wp-content\/uploads\/sites\/2\/2022\/09\/JAZZ-1-1024x576.jpg\" alt=\"\" class=\"wp-image-4151\" srcset=\"https:\/\/www.monvillage.cafe\/saintmartinsurecaillon\/wp-content\/uploads\/sites\/2\/2022\/09\/JAZZ-1-980x551.jpg 980w, https:\/\/www.monvillage.cafe\/saintmartinsurecaillon\/wp-content\/uploads\/sites\/2\/2022\/09\/JAZZ-1-480x270.jpg 480w\" sizes=\"(min-width: 0px) and (max-width: 480px) 480px, (min-width: 481px) and (max-width: 980px) 980px, (min-width: 981px) 1024px, 100vw\" \/><\/figure>\n\n\n\n<p>Informations et r\u00e9servations aupr\u00e8s du p\u00f4le culturel : 06.83.20.50.98<br>Retrouvez plus de d\u00e9tails sur la page <a rel=\"noreferrer noopener\" href=\"https:\/\/www.facebook.com\/payssolesmois\" target=\"_blank\">facebook<\/a> Communaut\u00e9 de communes du Pays Solesmois !<\/p>\n","protected":false},"excerpt":{"rendered":"<p>Informations et r\u00e9servations aupr\u00e8s du p\u00f4le culturel : 06.83.20.50.98Retrouvez plus de d\u00e9tails sur la page facebook Communaut\u00e9 de communes du Pays Solesmois !<\/p>\n","protected":false},"author":1,"featured_media":0,"comment_status":"closed","ping_status":"open","sticky":false,"template":"","format":"standard","meta":{"_et_pb_use_builder":"off","_et_pb_old_content":"","_et_gb_content_width":"","footnotes":""},"categories":[2,3],"tags":[190],"class_list":["post-4150","post","type-post","status-publish","format-standard","hentry","category-ccps","category-culture","tag-jazz"],"_links":{"self":[{"href":"https:\/\/www.monvillage.cafe\/saintmartinsurecaillon\/wp-json\/wp\/v2\/posts\/4150","targetHints":{"allow":["GET"]}}],"collection":[{"href":"https:\/\/www.monvillage.cafe\/saintmartinsurecaillon\/wp-json\/wp\/v2\/posts"}],"about":[{"href":"https:\/\/www.monvillage.cafe\/saintmartinsurecaillon\/wp-json\/wp\/v2\/types\/post"}],"author":[{"embeddable":true,"href":"https:\/\/www.monvillage.cafe\/saintmartinsurecaillon\/wp-json\/wp\/v2\/users\/1"}],"replies":[{"embeddable":true,"href":"https:\/\/www.monvillage.cafe\/saintmartinsurecaillon\/wp-json\/wp\/v2\/comments?post=4150"}],"version-history":[{"count":2,"href":"https:\/\/www.monvillage.cafe\/saintmartinsurecaillon\/wp-json\/wp\/v2\/posts\/4150\/revisions"}],"predecessor-version":[{"id":4153,"href":"https:\/\/www.monvillage.cafe\/saintmartinsurecaillon\/wp-json\/wp\/v2\/posts\/4150\/revisions\/4153"}],"wp:attachment":[{"href":"https:\/\/www.monvillage.cafe\/saintmartinsurecaillon\/wp-json\/wp\/v2\/media?parent=4150"}],"wp:term":[{"taxonomy":"category","embeddable":true,"href":"https:\/\/www.monvillage.cafe\/saintmartinsurecaillon\/wp-json\/wp\/v2\/categories?post=4150"},{"taxonomy":"post_tag","embeddable":true,"href":"https:\/\/www.monvillage.cafe\/saintmartinsurecaillon\/wp-json\/wp\/v2\/tags?post=4150"}],"curies":[{"name":"wp","href":"https:\/\/api.w.org\/{rel}","templated":true}]}}