{"id":4147,"date":"2022-09-22T07:00:00","date_gmt":"2022-09-22T05:00:00","guid":{"rendered":"https:\/\/www.monvillage.cafe\/saintmartinsurecaillon\/?p=4147"},"modified":"2022-09-08T09:31:18","modified_gmt":"2022-09-08T07:31:18","slug":"agenda-culturel-ccps-polystirama-conference-spectacle-dejante","status":"publish","type":"post","link":"https:\/\/www.monvillage.cafe\/saintmartinsurecaillon\/agenda-culturel-ccps-polystirama-conference-spectacle-dejante\/","title":{"rendered":"Agenda culturel CCPS : Polystirama, conf\u00e9rence spectacle d\u00e9jant\u00e9"},"content":{"rendered":"\n<figure class=\"wp-block-image size-large\"><img loading=\"lazy\" decoding=\"async\" width=\"1024\" height=\"576\" src=\"https:\/\/www.monvillage.cafe\/saintmartinsurecaillon\/wp-content\/uploads\/sites\/2\/2022\/09\/POLYSTIRAMA-1-1024x576.jpg\" alt=\"\" class=\"wp-image-4148\" srcset=\"https:\/\/www.monvillage.cafe\/saintmartinsurecaillon\/wp-content\/uploads\/sites\/2\/2022\/09\/POLYSTIRAMA-1-980x551.jpg 980w, https:\/\/www.monvillage.cafe\/saintmartinsurecaillon\/wp-content\/uploads\/sites\/2\/2022\/09\/POLYSTIRAMA-1-480x270.jpg 480w\" sizes=\"(min-width: 0px) and (max-width: 480px) 480px, (min-width: 481px) and (max-width: 980px) 980px, (min-width: 981px) 1024px, 100vw\" \/><\/figure>\n\n\n\n<p>Afin de pr\u00e9parer au mieux la venue de son altesse s\u00e9r\u00e9nissime Hortensia XXI, l\u2019ambassadeur de Polystir\u00e9nie convie les habitants \u00e0 une conf\u00e9rence-spectacle d\u00e9jant\u00e9e intitul\u00e9e \u00ab Polystirama \u00bb, en duplex avec la Reine Vendredi 23 septembre \u00e0 19h30 salle des f\u00eates d&rsquo;Escarmain.<br>L\u2019occasion de d\u00e9couvrir ce curieux pays mais \u00e9galement le village d&rsquo;Escarmain\u2026 d\u00e9paysement et rires garantis !<\/p>\n\n\n\n<p>*La Reine du Royaume de Polystir\u00e9nie, effectuera une visite \u00e0 Escarmain Dimanche 25 juillet avec sa d\u00e9l\u00e9gation officielle et son orchestre royal.<\/p>\n\n\n\n<p>Dans le cadre de la F\u00eate de la Prune<\/p>\n\n\n\n<p><strong>Salle des F\u00eates d&rsquo;Escarmain<\/strong><br>Gratuit&nbsp;<\/p>\n\n\n\n<p>Informations et r\u00e9servations aupr\u00e8s du p\u00f4le culturel : 06.83.20.50.98<br>Retrouvez plus de d\u00e9tails sur la page <a rel=\"noreferrer noopener\" href=\"https:\/\/www.facebook.com\/payssolesmois\" target=\"_blank\">facebook<\/a> Communaut\u00e9 de communes du Pays Solesmois !<\/p>\n","protected":false},"excerpt":{"rendered":"<p>Afin de pr\u00e9parer au mieux la venue de son altesse s\u00e9r\u00e9nissime Hortensia XXI, l\u2019ambassadeur de Polystir\u00e9nie convie les habitants \u00e0 une conf\u00e9rence-spectacle d\u00e9jant\u00e9e intitul\u00e9e \u00ab Polystirama \u00bb, en duplex avec la Reine Vendredi 23 septembre \u00e0 19h30 salle des f\u00eates d&rsquo;Escarmain.L\u2019occasion de d\u00e9couvrir ce curieux pays mais \u00e9galement le village d&rsquo;Escarmain\u2026 d\u00e9paysement et rires garantis [&hellip;]<\/p>\n","protected":false},"author":1,"featured_media":0,"comment_status":"closed","ping_status":"open","sticky":false,"template":"","format":"standard","meta":{"_et_pb_use_builder":"off","_et_pb_old_content":"","_et_gb_content_width":"","footnotes":""},"categories":[2,3],"tags":[482],"class_list":["post-4147","post","type-post","status-publish","format-standard","hentry","category-ccps","category-culture","tag-spectacle"],"_links":{"self":[{"href":"https:\/\/www.monvillage.cafe\/saintmartinsurecaillon\/wp-json\/wp\/v2\/posts\/4147","targetHints":{"allow":["GET"]}}],"collection":[{"href":"https:\/\/www.monvillage.cafe\/saintmartinsurecaillon\/wp-json\/wp\/v2\/posts"}],"about":[{"href":"https:\/\/www.monvillage.cafe\/saintmartinsurecaillon\/wp-json\/wp\/v2\/types\/post"}],"author":[{"embeddable":true,"href":"https:\/\/www.monvillage.cafe\/saintmartinsurecaillon\/wp-json\/wp\/v2\/users\/1"}],"replies":[{"embeddable":true,"href":"https:\/\/www.monvillage.cafe\/saintmartinsurecaillon\/wp-json\/wp\/v2\/comments?post=4147"}],"version-history":[{"count":2,"href":"https:\/\/www.monvillage.cafe\/saintmartinsurecaillon\/wp-json\/wp\/v2\/posts\/4147\/revisions"}],"predecessor-version":[{"id":4154,"href":"https:\/\/www.monvillage.cafe\/saintmartinsurecaillon\/wp-json\/wp\/v2\/posts\/4147\/revisions\/4154"}],"wp:attachment":[{"href":"https:\/\/www.monvillage.cafe\/saintmartinsurecaillon\/wp-json\/wp\/v2\/media?parent=4147"}],"wp:term":[{"taxonomy":"category","embeddable":true,"href":"https:\/\/www.monvillage.cafe\/saintmartinsurecaillon\/wp-json\/wp\/v2\/categories?post=4147"},{"taxonomy":"post_tag","embeddable":true,"href":"https:\/\/www.monvillage.cafe\/saintmartinsurecaillon\/wp-json\/wp\/v2\/tags?post=4147"}],"curies":[{"name":"wp","href":"https:\/\/api.w.org\/{rel}","templated":true}]}}