{"id":4144,"date":"2022-09-17T07:00:00","date_gmt":"2022-09-17T05:00:00","guid":{"rendered":"https:\/\/www.monvillage.cafe\/saintmartinsurecaillon\/?p=4144"},"modified":"2022-09-08T09:31:36","modified_gmt":"2022-09-08T07:31:36","slug":"agenda-culturel-ccps-concert-solo-songs","status":"publish","type":"post","link":"https:\/\/www.monvillage.cafe\/saintmartinsurecaillon\/agenda-culturel-ccps-concert-solo-songs\/","title":{"rendered":"Agenda culturel CCPS : Concert Solo Songs"},"content":{"rendered":"\n<figure class=\"wp-block-image size-large\"><img loading=\"lazy\" decoding=\"async\" width=\"1024\" height=\"576\" src=\"https:\/\/www.monvillage.cafe\/saintmartinsurecaillon\/wp-content\/uploads\/sites\/2\/2022\/09\/SOLO-SONGS-1-1024x576.jpg\" alt=\"\" class=\"wp-image-4145\" srcset=\"https:\/\/www.monvillage.cafe\/saintmartinsurecaillon\/wp-content\/uploads\/sites\/2\/2022\/09\/SOLO-SONGS-1-980x551.jpg 980w, https:\/\/www.monvillage.cafe\/saintmartinsurecaillon\/wp-content\/uploads\/sites\/2\/2022\/09\/SOLO-SONGS-1-480x270.jpg 480w\" sizes=\"(min-width: 0px) and (max-width: 480px) 480px, (min-width: 481px) and (max-width: 980px) 980px, (min-width: 981px) 1024px, 100vw\" \/><\/figure>\n\n\n\n<p>Se promener plus seul\u2026&nbsp;<\/p>\n\n\n\n<p>Apr\u00e8s avoir train\u00e9 ses gu\u00eatres, en meute, en groupe, en compagnie, aval\u00e9 des kilom\u00e8tres de routes et de poussi\u00e8re, rencontr\u00e9, partag\u00e9, fait corps, lanc\u00e9 des notes, transcris les mots des copains, \u00e9clus\u00e9 les souvenirs, amass\u00e9 les gal\u00e8res joyeuses, bouff\u00e9 des \u00e9motions&#8230; Apr\u00e8s l&rsquo;inoubli\u00e9, la magie de la bande, les caf\u00e9s du matin au retour d&rsquo;un concert&#8230; Apr\u00e8s avoir salu\u00e9, f\u00eat\u00e9, tourn\u00e9 et retourn\u00e9 la page&#8230; Apr\u00e8s s&rsquo;\u00eatre pos\u00e9&#8230; Alors oser. Se promener plus seul. \u00c9couter et laisser remonter ce qui restait cach\u00e9. Des murmures qui s&rsquo;invitent, se font la courte \u00e9chelle et montent \u00e0 la cervelle. Les prendre comme ils sont. Accepter qu\u2019ils t\u2019emportent o\u00f9 ils en ont envie. Le projet SOLOSONGS est n\u00e9 de ce besoin. Retour \u00e0 la source. Guitare. Voix. Chanson. Et basta. Un peu de percs, quelques micros. L\u2019amiti\u00e9, le travail de l\u2019artisan. Chemin faisant, se dessine une plage tranquille, polaroid de l&rsquo;univers visible ou invisible, temps de pause du voyageur face \u00e0 ce qui demeure, \u00e0 ce qui persiste. Et lui, balad\u00e9 par le temps. Comme une m\u00e9lancolie positive, d\u00e9clin\u00e9e en 11 petits tableaux persistants. Respiration. Bienvenue\u2026&nbsp;<\/p>\n\n\n\n<p>Dans le cadre des JEP \u00e0 Romeries \/\/ programme complet&nbsp;<a rel=\"noreferrer noopener\" href=\"https:\/\/ccpays-solesmois.us14.list-manage.com\/track\/click?u=d7b05defcebbb9d7bf3f34245&amp;id=8d3b31633c&amp;e=13715b44c7\" target=\"_blank\">ICI<\/a><br><strong>Ch\u00e2teau de Romeries<\/strong><br>Gratuit&nbsp;<\/p>\n\n\n\n<p>Informations et r\u00e9servations aupr\u00e8s du p\u00f4le culturel : 06.83.20.50.98<br>Retrouvez plus de d\u00e9tails sur la page <a rel=\"noreferrer noopener\" href=\"https:\/\/www.facebook.com\/payssolesmois\" target=\"_blank\">facebook<\/a> Communaut\u00e9 de communes du Pays Solesmois !<\/p>\n","protected":false},"excerpt":{"rendered":"<p>Se promener plus seul\u2026&nbsp; Apr\u00e8s avoir train\u00e9 ses gu\u00eatres, en meute, en groupe, en compagnie, aval\u00e9 des kilom\u00e8tres de routes et de poussi\u00e8re, rencontr\u00e9, partag\u00e9, fait corps, lanc\u00e9 des notes, transcris les mots des copains, \u00e9clus\u00e9 les souvenirs, amass\u00e9 les gal\u00e8res joyeuses, bouff\u00e9 des \u00e9motions&#8230; Apr\u00e8s l&rsquo;inoubli\u00e9, la magie de la bande, les caf\u00e9s du [&hellip;]<\/p>\n","protected":false},"author":1,"featured_media":0,"comment_status":"closed","ping_status":"open","sticky":false,"template":"","format":"standard","meta":{"_et_pb_use_builder":"off","_et_pb_old_content":"","_et_gb_content_width":"","footnotes":""},"categories":[2,3],"tags":[449],"class_list":["post-4144","post","type-post","status-publish","format-standard","hentry","category-ccps","category-culture","tag-concert"],"_links":{"self":[{"href":"https:\/\/www.monvillage.cafe\/saintmartinsurecaillon\/wp-json\/wp\/v2\/posts\/4144","targetHints":{"allow":["GET"]}}],"collection":[{"href":"https:\/\/www.monvillage.cafe\/saintmartinsurecaillon\/wp-json\/wp\/v2\/posts"}],"about":[{"href":"https:\/\/www.monvillage.cafe\/saintmartinsurecaillon\/wp-json\/wp\/v2\/types\/post"}],"author":[{"embeddable":true,"href":"https:\/\/www.monvillage.cafe\/saintmartinsurecaillon\/wp-json\/wp\/v2\/users\/1"}],"replies":[{"embeddable":true,"href":"https:\/\/www.monvillage.cafe\/saintmartinsurecaillon\/wp-json\/wp\/v2\/comments?post=4144"}],"version-history":[{"count":2,"href":"https:\/\/www.monvillage.cafe\/saintmartinsurecaillon\/wp-json\/wp\/v2\/posts\/4144\/revisions"}],"predecessor-version":[{"id":4155,"href":"https:\/\/www.monvillage.cafe\/saintmartinsurecaillon\/wp-json\/wp\/v2\/posts\/4144\/revisions\/4155"}],"wp:attachment":[{"href":"https:\/\/www.monvillage.cafe\/saintmartinsurecaillon\/wp-json\/wp\/v2\/media?parent=4144"}],"wp:term":[{"taxonomy":"category","embeddable":true,"href":"https:\/\/www.monvillage.cafe\/saintmartinsurecaillon\/wp-json\/wp\/v2\/categories?post=4144"},{"taxonomy":"post_tag","embeddable":true,"href":"https:\/\/www.monvillage.cafe\/saintmartinsurecaillon\/wp-json\/wp\/v2\/tags?post=4144"}],"curies":[{"name":"wp","href":"https:\/\/api.w.org\/{rel}","templated":true}]}}