{"id":4141,"date":"2022-09-10T07:00:00","date_gmt":"2022-09-10T05:00:00","guid":{"rendered":"https:\/\/www.monvillage.cafe\/saintmartinsurecaillon\/?p=4141"},"modified":"2022-09-08T09:31:56","modified_gmt":"2022-09-08T07:31:56","slug":"agenda-culturel-ccps-concert-entreux-couleurs","status":"publish","type":"post","link":"https:\/\/www.monvillage.cafe\/saintmartinsurecaillon\/agenda-culturel-ccps-concert-entreux-couleurs\/","title":{"rendered":"Agenda culturel CCPS : Concert Entr&rsquo;Eux Couleurs"},"content":{"rendered":"\n<figure class=\"wp-block-image size-large\"><img loading=\"lazy\" decoding=\"async\" width=\"1024\" height=\"576\" src=\"https:\/\/www.monvillage.cafe\/saintmartinsurecaillon\/wp-content\/uploads\/sites\/2\/2022\/09\/ENTRE-COULEURS-1-1024x576.jpg\" alt=\"\" class=\"wp-image-4142\" srcset=\"https:\/\/www.monvillage.cafe\/saintmartinsurecaillon\/wp-content\/uploads\/sites\/2\/2022\/09\/ENTRE-COULEURS-1-980x551.jpg 980w, https:\/\/www.monvillage.cafe\/saintmartinsurecaillon\/wp-content\/uploads\/sites\/2\/2022\/09\/ENTRE-COULEURS-1-480x270.jpg 480w\" sizes=\"(min-width: 0px) and (max-width: 480px) 480px, (min-width: 481px) and (max-width: 980px) 980px, (min-width: 981px) 1024px, 100vw\" \/><\/figure>\n\n\n\n<p>Entr\u2019Eux Couleurs est un groupe d\u2019amis musiciens form\u00e9 sur une base jazz-rock, prog..La recherche d\u2019originalit\u00e9 et d\u2019une certaine d\u00e9mesure dans l\u2019expression et la nuance refl\u00e8te les diff\u00e9rents horizons musicaux abord\u00e9s par le collectif qui se compose de : Christophe Saletzky guitare, Fran\u00e7ois Saletzky basse, Eric Gamelin batterie, Laurent Lequint saxophones, Jean Pierre Soarez trompette, bugle, Olivier Lamand trombone et basse.&nbsp; Une atmosph\u00e8re&nbsp;contrast\u00e9e, de l\u2019\u00e9motion, du mordant c\u2019est l\u00e0 qu\u2019 Entr\u2019eux Couleurs vous emm\u00e8ne.<\/p>\n\n\n\n<p><strong>Brasserie de l&rsquo;Abbaye \u00e0 Solesmes&nbsp;<\/strong><br>Gratuit&nbsp;<\/p>\n\n\n\n<p>Informations et r\u00e9servations aupr\u00e8s du p\u00f4le culturel : 06.83.20.50.98<br>Retrouvez plus de d\u00e9tails sur la page <a rel=\"noreferrer noopener\" href=\"https:\/\/www.facebook.com\/payssolesmois\" target=\"_blank\">facebook<\/a> Communaut\u00e9 de communes du Pays Solesmois !<\/p>\n","protected":false},"excerpt":{"rendered":"<p>Entr\u2019Eux Couleurs est un groupe d\u2019amis musiciens form\u00e9 sur une base jazz-rock, prog..La recherche d\u2019originalit\u00e9 et d\u2019une certaine d\u00e9mesure dans l\u2019expression et la nuance refl\u00e8te les diff\u00e9rents horizons musicaux abord\u00e9s par le collectif qui se compose de : Christophe Saletzky guitare, Fran\u00e7ois Saletzky basse, Eric Gamelin batterie, Laurent Lequint saxophones, Jean Pierre Soarez trompette, bugle, [&hellip;]<\/p>\n","protected":false},"author":1,"featured_media":0,"comment_status":"closed","ping_status":"open","sticky":false,"template":"","format":"standard","meta":{"_et_pb_use_builder":"off","_et_pb_old_content":"","_et_gb_content_width":"","footnotes":""},"categories":[2,3],"tags":[449,190],"class_list":["post-4141","post","type-post","status-publish","format-standard","hentry","category-ccps","category-culture","tag-concert","tag-jazz"],"_links":{"self":[{"href":"https:\/\/www.monvillage.cafe\/saintmartinsurecaillon\/wp-json\/wp\/v2\/posts\/4141","targetHints":{"allow":["GET"]}}],"collection":[{"href":"https:\/\/www.monvillage.cafe\/saintmartinsurecaillon\/wp-json\/wp\/v2\/posts"}],"about":[{"href":"https:\/\/www.monvillage.cafe\/saintmartinsurecaillon\/wp-json\/wp\/v2\/types\/post"}],"author":[{"embeddable":true,"href":"https:\/\/www.monvillage.cafe\/saintmartinsurecaillon\/wp-json\/wp\/v2\/users\/1"}],"replies":[{"embeddable":true,"href":"https:\/\/www.monvillage.cafe\/saintmartinsurecaillon\/wp-json\/wp\/v2\/comments?post=4141"}],"version-history":[{"count":2,"href":"https:\/\/www.monvillage.cafe\/saintmartinsurecaillon\/wp-json\/wp\/v2\/posts\/4141\/revisions"}],"predecessor-version":[{"id":4156,"href":"https:\/\/www.monvillage.cafe\/saintmartinsurecaillon\/wp-json\/wp\/v2\/posts\/4141\/revisions\/4156"}],"wp:attachment":[{"href":"https:\/\/www.monvillage.cafe\/saintmartinsurecaillon\/wp-json\/wp\/v2\/media?parent=4141"}],"wp:term":[{"taxonomy":"category","embeddable":true,"href":"https:\/\/www.monvillage.cafe\/saintmartinsurecaillon\/wp-json\/wp\/v2\/categories?post=4141"},{"taxonomy":"post_tag","embeddable":true,"href":"https:\/\/www.monvillage.cafe\/saintmartinsurecaillon\/wp-json\/wp\/v2\/tags?post=4141"}],"curies":[{"name":"wp","href":"https:\/\/api.w.org\/{rel}","templated":true}]}}