{"id":4134,"date":"2022-09-08T09:19:05","date_gmt":"2022-09-08T07:19:05","guid":{"rendered":"https:\/\/www.monvillage.cafe\/saintmartinsurecaillon\/?p=4134"},"modified":"2022-09-08T09:19:13","modified_gmt":"2022-09-08T07:19:13","slug":"ccps-voici-lagenda-culturel","status":"publish","type":"post","link":"https:\/\/www.monvillage.cafe\/saintmartinsurecaillon\/ccps-voici-lagenda-culturel\/","title":{"rendered":"CCPS : Voici l&rsquo;agenda culturel !"},"content":{"rendered":"\n<figure class=\"wp-block-image aligncenter size-full is-resized\"><img loading=\"lazy\" decoding=\"async\" src=\"https:\/\/www.monvillage.cafe\/saintmartinsurecaillon\/wp-content\/uploads\/sites\/2\/2022\/09\/LOGO-CCPS.png\" alt=\"\" class=\"wp-image-4135\" width=\"365\" height=\"365\"\/><\/figure>\n\n\n\n<p>Chers amis,&nbsp;<br>retrouvez ci-dessous les prochains rendez-vous culturels. Au programme de cette rentr\u00e9e des immanquables. De la musique, des conf\u00e9rences, la reprise du jazz bar&#8230;&nbsp;<\/p>\n\n\n\n<p>Venez en famille, vivre de beaux moments culturels offerts par la communaut\u00e9 de communes du Pays Solesmois.&nbsp;<\/p>\n\n\n\n<p>Vous pouvez d&rsquo;ores et d\u00e9j\u00e0 noter dans vos agendas le retour du festival Jazz en Sol Emoi, du 5 au 9 Octobre prochain.\u00a0<\/p>\n\n\n\n<p>Informations et r\u00e9servations aupr\u00e8s du p\u00f4le culturel : 06.83.20.50.98<br>Retrouvez plus de d\u00e9tails sur la page <a href=\"https:\/\/www.facebook.com\/payssolesmois\" target=\"_blank\" rel=\"noreferrer noopener\">facebook<\/a> Communaut\u00e9 de communes du Pays Solesmois !<\/p>\n\n\n\n<p><\/p>\n\n\n\n<hr class=\"wp-block-separator has-text-color has-vivid-red-color has-alpha-channel-opacity has-vivid-red-background-color has-background\"\/>\n\n\n\n<p><\/p>\n\n\n\n<figure class=\"wp-block-image size-large\"><img loading=\"lazy\" decoding=\"async\" width=\"1024\" height=\"576\" src=\"https:\/\/www.monvillage.cafe\/saintmartinsurecaillon\/wp-content\/uploads\/sites\/2\/2022\/09\/ENTRE-COULEURS-1024x576.jpg\" alt=\"\" class=\"wp-image-4136\" srcset=\"https:\/\/www.monvillage.cafe\/saintmartinsurecaillon\/wp-content\/uploads\/sites\/2\/2022\/09\/ENTRE-COULEURS-980x551.jpg 980w, https:\/\/www.monvillage.cafe\/saintmartinsurecaillon\/wp-content\/uploads\/sites\/2\/2022\/09\/ENTRE-COULEURS-480x270.jpg 480w\" sizes=\"(min-width: 0px) and (max-width: 480px) 480px, (min-width: 481px) and (max-width: 980px) 980px, (min-width: 981px) 1024px, 100vw\" \/><\/figure>\n\n\n\n<p>Entr\u2019Eux Couleurs est un groupe d\u2019amis musiciens form\u00e9 sur une base jazz-rock, prog..La recherche d\u2019originalit\u00e9 et d\u2019une certaine d\u00e9mesure dans l\u2019expression et la nuance refl\u00e8te les diff\u00e9rents horizons musicaux abord\u00e9s par le collectif qui se compose de : Christophe Saletzky guitare, Fran\u00e7ois Saletzky basse, Eric Gamelin batterie, Laurent Lequint saxophones, Jean Pierre Soarez trompette, bugle, Olivier Lamand trombone et basse.&nbsp; Une atmosph\u00e8re&nbsp;contrast\u00e9e, de l\u2019\u00e9motion, du mordant c\u2019est l\u00e0 qu\u2019 Entr\u2019eux Couleurs vous emm\u00e8ne.<\/p>\n\n\n\n<p><strong>Brasserie de l&rsquo;Abbaye \u00e0 Solesmes\u00a0<\/strong><br>Gratuit\u00a0<\/p>\n\n\n\n<hr class=\"wp-block-separator has-text-color has-vivid-red-color has-alpha-channel-opacity has-vivid-red-background-color has-background\"\/>\n\n\n\n<p><\/p>\n\n\n\n<figure class=\"wp-block-image size-large\"><img loading=\"lazy\" decoding=\"async\" width=\"1024\" height=\"576\" src=\"https:\/\/www.monvillage.cafe\/saintmartinsurecaillon\/wp-content\/uploads\/sites\/2\/2022\/09\/SOLO-SONGS-1024x576.jpg\" alt=\"\" class=\"wp-image-4137\" srcset=\"https:\/\/www.monvillage.cafe\/saintmartinsurecaillon\/wp-content\/uploads\/sites\/2\/2022\/09\/SOLO-SONGS-980x551.jpg 980w, https:\/\/www.monvillage.cafe\/saintmartinsurecaillon\/wp-content\/uploads\/sites\/2\/2022\/09\/SOLO-SONGS-480x270.jpg 480w\" sizes=\"(min-width: 0px) and (max-width: 480px) 480px, (min-width: 481px) and (max-width: 980px) 980px, (min-width: 981px) 1024px, 100vw\" \/><\/figure>\n\n\n\n<p>Se promener plus seul\u2026&nbsp;<\/p>\n\n\n\n<p>Apr\u00e8s avoir train\u00e9 ses gu\u00eatres, en meute, en groupe, en compagnie, aval\u00e9 des kilom\u00e8tres de routes et de poussi\u00e8re, rencontr\u00e9, partag\u00e9, fait corps, lanc\u00e9 des notes, transcris les mots des copains, \u00e9clus\u00e9 les souvenirs, amass\u00e9 les gal\u00e8res joyeuses, bouff\u00e9 des \u00e9motions&#8230; Apr\u00e8s l&rsquo;inoubli\u00e9, la magie de la bande, les caf\u00e9s du matin au retour d&rsquo;un concert&#8230; Apr\u00e8s avoir salu\u00e9, f\u00eat\u00e9, tourn\u00e9 et retourn\u00e9 la page&#8230; Apr\u00e8s s&rsquo;\u00eatre pos\u00e9&#8230; Alors oser. Se promener plus seul. \u00c9couter et laisser remonter ce qui restait cach\u00e9. Des murmures qui s&rsquo;invitent, se font la courte \u00e9chelle et montent \u00e0 la cervelle. Les prendre comme ils sont. Accepter qu\u2019ils t\u2019emportent o\u00f9 ils en ont envie. Le projet SOLOSONGS est n\u00e9 de ce besoin. Retour \u00e0 la source. Guitare. Voix. Chanson. Et basta. Un peu de percs, quelques micros. L\u2019amiti\u00e9, le travail de l\u2019artisan. Chemin faisant, se dessine une plage tranquille, polaroid de l&rsquo;univers visible ou invisible, temps de pause du voyageur face \u00e0 ce qui demeure, \u00e0 ce qui persiste. Et lui, balad\u00e9 par le temps. Comme une m\u00e9lancolie positive, d\u00e9clin\u00e9e en 11 petits tableaux persistants. Respiration. Bienvenue\u2026&nbsp;<\/p>\n\n\n\n<p>Dans le cadre des JEP \u00e0 Romeries \/\/ programme complet\u00a0<a rel=\"noreferrer noopener\" href=\"https:\/\/ccpays-solesmois.us14.list-manage.com\/track\/click?u=d7b05defcebbb9d7bf3f34245&amp;id=8d3b31633c&amp;e=13715b44c7\" target=\"_blank\">ICI<\/a><br><strong>Ch\u00e2teau de Romeries<\/strong><br>Gratuit\u00a0<\/p>\n\n\n\n<hr class=\"wp-block-separator has-text-color has-vivid-red-color has-alpha-channel-opacity has-vivid-red-background-color has-background\"\/>\n\n\n\n<p><\/p>\n\n\n\n<figure class=\"wp-block-image size-large\"><img loading=\"lazy\" decoding=\"async\" width=\"1024\" height=\"576\" src=\"https:\/\/www.monvillage.cafe\/saintmartinsurecaillon\/wp-content\/uploads\/sites\/2\/2022\/09\/POLYSTIRAMA-1024x576.jpg\" alt=\"\" class=\"wp-image-4138\" srcset=\"https:\/\/www.monvillage.cafe\/saintmartinsurecaillon\/wp-content\/uploads\/sites\/2\/2022\/09\/POLYSTIRAMA-980x551.jpg 980w, https:\/\/www.monvillage.cafe\/saintmartinsurecaillon\/wp-content\/uploads\/sites\/2\/2022\/09\/POLYSTIRAMA-480x270.jpg 480w\" sizes=\"(min-width: 0px) and (max-width: 480px) 480px, (min-width: 481px) and (max-width: 980px) 980px, (min-width: 981px) 1024px, 100vw\" \/><\/figure>\n\n\n\n<p>Afin de pr\u00e9parer au mieux la venue de son altesse s\u00e9r\u00e9nissime Hortensia XXI, l\u2019ambassadeur de Polystir\u00e9nie convie les habitants \u00e0 une conf\u00e9rence-spectacle d\u00e9jant\u00e9e intitul\u00e9e \u00ab Polystirama \u00bb, en duplex avec la Reine Vendredi 23 septembre \u00e0 19h30 salle des f\u00eates d&rsquo;Escarmain.<br>L\u2019occasion de d\u00e9couvrir ce curieux pays mais \u00e9galement le village d&rsquo;Escarmain\u2026 d\u00e9paysement et rires garantis !<\/p>\n\n\n\n<p>*La Reine du Royaume de Polystir\u00e9nie, effectuera une visite \u00e0 Escarmain Dimanche 25 juillet avec sa d\u00e9l\u00e9gation officielle et son orchestre royal.<\/p>\n\n\n\n<p>Dans le cadre de la F\u00eate de la Prune<\/p>\n\n\n\n<p><strong>Salle des F\u00eates d&rsquo;Escarmain<\/strong><br>Gratuit\u00a0<\/p>\n\n\n\n<hr class=\"wp-block-separator has-text-color has-vivid-red-color has-alpha-channel-opacity has-vivid-red-background-color has-background\"\/>\n\n\n\n<p><\/p>\n\n\n\n<figure class=\"wp-block-image size-large\"><img loading=\"lazy\" decoding=\"async\" width=\"1024\" height=\"576\" src=\"https:\/\/www.monvillage.cafe\/saintmartinsurecaillon\/wp-content\/uploads\/sites\/2\/2022\/09\/JAZZ-1024x576.jpg\" alt=\"\" class=\"wp-image-4139\" srcset=\"https:\/\/www.monvillage.cafe\/saintmartinsurecaillon\/wp-content\/uploads\/sites\/2\/2022\/09\/JAZZ-980x551.jpg 980w, https:\/\/www.monvillage.cafe\/saintmartinsurecaillon\/wp-content\/uploads\/sites\/2\/2022\/09\/JAZZ-480x270.jpg 480w\" sizes=\"(min-width: 0px) and (max-width: 480px) 480px, (min-width: 481px) and (max-width: 980px) 980px, (min-width: 981px) 1024px, 100vw\" \/><\/figure>\n","protected":false},"excerpt":{"rendered":"<p>Chers amis,&nbsp;retrouvez ci-dessous les prochains rendez-vous culturels. Au programme de cette rentr\u00e9e des immanquables. De la musique, des conf\u00e9rences, la reprise du jazz bar&#8230;&nbsp; Venez en famille, vivre de beaux moments culturels offerts par la communaut\u00e9 de communes du Pays Solesmois.&nbsp; Vous pouvez d&rsquo;ores et d\u00e9j\u00e0 noter dans vos agendas le retour du festival Jazz [&hellip;]<\/p>\n","protected":false},"author":1,"featured_media":0,"comment_status":"closed","ping_status":"open","sticky":false,"template":"","format":"standard","meta":{"_et_pb_use_builder":"off","_et_pb_old_content":"","_et_gb_content_width":"","footnotes":""},"categories":[2,3],"tags":[449,190],"class_list":["post-4134","post","type-post","status-publish","format-standard","hentry","category-ccps","category-culture","tag-concert","tag-jazz"],"_links":{"self":[{"href":"https:\/\/www.monvillage.cafe\/saintmartinsurecaillon\/wp-json\/wp\/v2\/posts\/4134","targetHints":{"allow":["GET"]}}],"collection":[{"href":"https:\/\/www.monvillage.cafe\/saintmartinsurecaillon\/wp-json\/wp\/v2\/posts"}],"about":[{"href":"https:\/\/www.monvillage.cafe\/saintmartinsurecaillon\/wp-json\/wp\/v2\/types\/post"}],"author":[{"embeddable":true,"href":"https:\/\/www.monvillage.cafe\/saintmartinsurecaillon\/wp-json\/wp\/v2\/users\/1"}],"replies":[{"embeddable":true,"href":"https:\/\/www.monvillage.cafe\/saintmartinsurecaillon\/wp-json\/wp\/v2\/comments?post=4134"}],"version-history":[{"count":1,"href":"https:\/\/www.monvillage.cafe\/saintmartinsurecaillon\/wp-json\/wp\/v2\/posts\/4134\/revisions"}],"predecessor-version":[{"id":4140,"href":"https:\/\/www.monvillage.cafe\/saintmartinsurecaillon\/wp-json\/wp\/v2\/posts\/4134\/revisions\/4140"}],"wp:attachment":[{"href":"https:\/\/www.monvillage.cafe\/saintmartinsurecaillon\/wp-json\/wp\/v2\/media?parent=4134"}],"wp:term":[{"taxonomy":"category","embeddable":true,"href":"https:\/\/www.monvillage.cafe\/saintmartinsurecaillon\/wp-json\/wp\/v2\/categories?post=4134"},{"taxonomy":"post_tag","embeddable":true,"href":"https:\/\/www.monvillage.cafe\/saintmartinsurecaillon\/wp-json\/wp\/v2\/tags?post=4134"}],"curies":[{"name":"wp","href":"https:\/\/api.w.org\/{rel}","templated":true}]}}