{"id":4115,"date":"2022-08-31T09:24:53","date_gmt":"2022-08-31T07:24:53","guid":{"rendered":"https:\/\/www.monvillage.cafe\/saintmartinsurecaillon\/?p=4115"},"modified":"2022-08-31T09:24:54","modified_gmt":"2022-08-31T07:24:54","slug":"concours-la-police-nationale-recrute-de-futurs-officiers-de-police","status":"publish","type":"post","link":"https:\/\/www.monvillage.cafe\/saintmartinsurecaillon\/concours-la-police-nationale-recrute-de-futurs-officiers-de-police\/","title":{"rendered":"Concours: la police nationale recrute de futurs officiers de police"},"content":{"rendered":"\n<p><strong>La police nationale recrute de futurs <\/strong><strong>officiers de police<\/strong><\/p>\n\n\n\n<h2 class=\"wp-block-heading\"><strong>400<\/strong><strong> postes sur toute la France en 20<\/strong><strong>23<\/strong><strong>&nbsp;!<\/strong><\/h2>\n\n\n\n<ul class=\"wp-block-list\"><li>Vous avez moins de 45\u00a0ans et un bac+3 (licence ou \u00e9quivalent),<\/li><li>vous recherchez un emploi \u00e0 responsabilit\u00e9 tout en encadrant et en dirigeant une \u00e9quipe,<\/li><li>vous \u00eates organis\u00e9,<\/li><li>vous \u00eates dynamique,<\/li><li>vous avez l\u2019esprit d\u2019analyse et de synth\u00e8se,<\/li><li>vous savez travailler en \u00e9quipe,<\/li><\/ul>\n\n\n\n<p><strong>rejoignez-nous, devenez officier de police&nbsp;!<\/strong><\/p>\n\n\n\n<p>Les <a href=\"https:\/\/www.devenirpolicier.fr\/nous-rejoindre\/concours-externe\/officier-de-police#xtor=AD-40\" target=\"_blank\" rel=\"noreferrer noopener\">inscriptions<\/a> sont ouvertes <strong>jusqu\u2019au 17 octobre 2022.<\/strong><\/p>\n\n\n\n<p>Au cours de votre carri\u00e8re, vous acc\u00e9derez \u00e0 des emplois \u00e0 responsabilit\u00e9 en ad\u00e9quation avec votre grade (capitaine, commandant, etc.).<\/p>\n\n\n\n<p>Plac\u00e9 sous l\u2019autorit\u00e9 d\u2019un commissaire de police, vous le seconderez ou le suppl\u00e9erez dans l\u2019exercice de ses fonctions. Vous assurerez le commandement op\u00e9rationnel des services en coordonnant l\u2019action des gardiens de la paix.<\/p>\n\n\n\n<p>En commissariat, vous pourrez exercer des fonctions de direction de certains services, \u00eatre charg\u00e9 d\u2019investigation et de recherche, \u00eatre charg\u00e9 d\u2019assurer, dans un service fonctionnant 24&nbsp;h\/24, le suivi judiciaire urgent des interventions de police secours.<\/p>\n\n\n\n<p>Vous pourrez aussi assurer des fonctions d\u2019expertise sup\u00e9rieure en mati\u00e8re de police et de s\u00e9curit\u00e9 int\u00e9rieure. Vous pourrez \u00eatre responsable de la s\u00e9curit\u00e9 d\u2019un secteur de s\u00e9curit\u00e9 publique, en charge de missions de renseignement ou d\u2019enqu\u00eate, responsable de services de maintien de l\u2019ordre. Officier de police judiciaire, vous conduirez les enqu\u00eates qui vous seront confi\u00e9es ou dirigerez l\u2019activit\u00e9 d\u2019un groupe op\u00e9rationnel ou d\u2019une unit\u00e9 sp\u00e9cialis\u00e9e.<\/p>\n\n\n\n<p>R\u00e9mun\u00e9ration (net\/mois en \u00cele-de-France)&nbsp;<\/p>\n\n\n\n<p>d\u00e9but de carri\u00e8re 2&nbsp;501&nbsp;euros, fin de carri\u00e8re 5&nbsp;265&nbsp;euros.<\/p>\n\n\n\n<p><strong>Inscriptions\u00a0: <a href=\"https:\/\/www.devenirpolicier.fr\/nous-rejoindre\/concours-externe\/officier-de-police#xtor=AD-40\" target=\"_blank\" rel=\"noreferrer noopener\">https:\/\/www.devenirpolicier.fr\/nous-rejoindre\/concours-externe\/officier-de-police#xtor=AD-40<\/a><\/strong><\/p>\n\n\n\n<p><strong>Une question, un renseignement&nbsp;? Contactez-nous&nbsp;:<\/strong><\/p>\n\n\n\n<ul class=\"wp-block-list\"><li>par t\u00e9l\u00e9phone au n\u00b0 vert 0800 22 0800 (du lundi au vendredi de 9\u00a0h \u00e0 12h30 et de 13h30 \u00e0 17\u00a0h)\u00a0;<\/li><li>par mail en remplissant un formulaire de contact sur le <a href=\"https:\/\/www.devenirpolicier.fr\/\">site <\/a><a href=\"https:\/\/www.devenirpolicier.fr\/\" target=\"_blank\" rel=\"noreferrer noopener\">devenirpolicier.fr<\/a>;<\/li><li>en \u00e9changeant avec les e-ambassadeurs policiers de la <a href=\"https:\/\/www.devenirpolicier.fr\/nous-contacter\/Objectifpolice\" target=\"_blank\" rel=\"noreferrer noopener\">plateforme Objectif Police<\/a>\u00a0;<\/li><li>sur les salons et forums, ou dans leurs locaux, nos d\u00e9l\u00e9gu\u00e9s recrutement sont \u00e0 votre \u00e9coute. Retrouvez <a href=\"https:\/\/www.devenirpolicier.fr\/nous-contacter.\">leurs coordonn\u00e9es<\/a> en s\u00e9lectionnant votre zone sur cette page (rubrique \u00ab\u00a0structures de recrutement\u00a0\u00bb)<\/li><\/ul>\n\n\n\n<p><strong>+ d\u2019informations sur notre site carri\u00e8re : <\/strong><a href=\"https:\/\/www.devenirpolicier.fr\/\" target=\"_blank\" rel=\"noreferrer noopener\"><strong>https:\/\/www.devenirpolicier.fr\/<\/strong><\/a><\/p>\n\n\n\n<hr class=\"wp-block-separator has-text-color has-vivid-red-color has-alpha-channel-opacity has-vivid-red-background-color has-background\"\/>\n\n\n\n<figure class=\"wp-block-image size-large\"><a href=\"https:\/\/www.devenirpolicier.fr\/\" target=\"_blank\" rel=\"noreferrer noopener\"><img loading=\"lazy\" decoding=\"async\" width=\"1024\" height=\"683\" src=\"https:\/\/www.monvillage.cafe\/saintmartinsurecaillon\/wp-content\/uploads\/sites\/2\/2022\/08\/Format-WEB-1800x1200-OFF-2022_08_03-1024x683.jpg\" alt=\"\" class=\"wp-image-4116\" srcset=\"https:\/\/www.monvillage.cafe\/saintmartinsurecaillon\/wp-content\/uploads\/sites\/2\/2022\/08\/Format-WEB-1800x1200-OFF-2022_08_03-980x653.jpg 980w, https:\/\/www.monvillage.cafe\/saintmartinsurecaillon\/wp-content\/uploads\/sites\/2\/2022\/08\/Format-WEB-1800x1200-OFF-2022_08_03-480x320.jpg 480w\" sizes=\"(min-width: 0px) and (max-width: 480px) 480px, (min-width: 481px) and (max-width: 980px) 980px, (min-width: 981px) 1024px, 100vw\" \/><\/a><\/figure>\n","protected":false},"excerpt":{"rendered":"<p>La police nationale recrute de futurs officiers de police 400 postes sur toute la France en 2023&nbsp;! Vous avez moins de 45\u00a0ans et un bac+3 (licence ou \u00e9quivalent), vous recherchez un emploi \u00e0 responsabilit\u00e9 tout en encadrant et en dirigeant une \u00e9quipe, vous \u00eates organis\u00e9, vous \u00eates dynamique, vous avez l\u2019esprit d\u2019analyse et de synth\u00e8se, [&hellip;]<\/p>\n","protected":false},"author":1,"featured_media":0,"comment_status":"closed","ping_status":"open","sticky":false,"template":"","format":"standard","meta":{"_et_pb_use_builder":"off","_et_pb_old_content":"","_et_gb_content_width":"","footnotes":""},"categories":[4,5],"tags":[460,206,196],"class_list":["post-4115","post","type-post","status-publish","format-standard","hentry","category-divers","category-emploi","tag-concours","tag-police-nationale","tag-recrutement"],"_links":{"self":[{"href":"https:\/\/www.monvillage.cafe\/saintmartinsurecaillon\/wp-json\/wp\/v2\/posts\/4115","targetHints":{"allow":["GET"]}}],"collection":[{"href":"https:\/\/www.monvillage.cafe\/saintmartinsurecaillon\/wp-json\/wp\/v2\/posts"}],"about":[{"href":"https:\/\/www.monvillage.cafe\/saintmartinsurecaillon\/wp-json\/wp\/v2\/types\/post"}],"author":[{"embeddable":true,"href":"https:\/\/www.monvillage.cafe\/saintmartinsurecaillon\/wp-json\/wp\/v2\/users\/1"}],"replies":[{"embeddable":true,"href":"https:\/\/www.monvillage.cafe\/saintmartinsurecaillon\/wp-json\/wp\/v2\/comments?post=4115"}],"version-history":[{"count":1,"href":"https:\/\/www.monvillage.cafe\/saintmartinsurecaillon\/wp-json\/wp\/v2\/posts\/4115\/revisions"}],"predecessor-version":[{"id":4117,"href":"https:\/\/www.monvillage.cafe\/saintmartinsurecaillon\/wp-json\/wp\/v2\/posts\/4115\/revisions\/4117"}],"wp:attachment":[{"href":"https:\/\/www.monvillage.cafe\/saintmartinsurecaillon\/wp-json\/wp\/v2\/media?parent=4115"}],"wp:term":[{"taxonomy":"category","embeddable":true,"href":"https:\/\/www.monvillage.cafe\/saintmartinsurecaillon\/wp-json\/wp\/v2\/categories?post=4115"},{"taxonomy":"post_tag","embeddable":true,"href":"https:\/\/www.monvillage.cafe\/saintmartinsurecaillon\/wp-json\/wp\/v2\/tags?post=4115"}],"curies":[{"name":"wp","href":"https:\/\/api.w.org\/{rel}","templated":true}]}}