{"id":4086,"date":"2022-07-20T17:22:52","date_gmt":"2022-07-20T15:22:52","guid":{"rendered":"https:\/\/www.monvillage.cafe\/saintmartinsurecaillon\/?p=4086"},"modified":"2022-07-20T17:22:52","modified_gmt":"2022-07-20T15:22:52","slug":"les-informations-de-la-ccps","status":"publish","type":"post","link":"https:\/\/www.monvillage.cafe\/saintmartinsurecaillon\/les-informations-de-la-ccps\/","title":{"rendered":"Les informations de la CCPS"},"content":{"rendered":"\n<p>Nous vous partageons les informations de la Communaut\u00e9 de Communes du Pays Solesmois. Merci d\u2019en prendre connaissance.<\/p>\n\n\n\n<h2 class=\"wp-block-heading\"><strong>Inscription \u00e0 la Newsletter de la CCPS<\/strong><strong><\/strong><\/h2>\n\n\n\n<p>Nous avons partag\u00e9 sur panneau pocket et facebook, un lien pour s\u2019inscrire \u00e0 la newsletter externe de la CCPS. Nous vous invitons \u00e0 recevoir, une fois par mois \u00e0 partir de Septembre, les actualit\u00e9s des services, les fermetures exceptionnelles, etc&#8230;<\/p>\n\n\n\n<p>Comment s\u2019inscrire\u00a0? C\u2019est simple, nous vous donnons rendez-vous sur le lien suivant :\u00a0<a href=\"https:\/\/www.ccpays-solesmois.fr\/newsletter\/\" target=\"_blank\" rel=\"noreferrer noopener\">https:\/\/www.ccpays-solesmois.fr\/newsletter\/<\/a><\/p>\n\n\n\n<h2 class=\"wp-block-heading\"><strong>F\u00eates de centre<\/strong><strong><\/strong><\/h2>\n\n\n\n<p>Les jeunes des ALSH de la CCPS pr\u00e9parent activement leur f\u00eate. Entre com\u00e9dies musicales, parades etc \u2026 les directeurs m\u00e8nent ces rendez-vous qui commencent ce vendredi, avec enthousiasme et bonne humeur.<\/p>\n\n\n\n<p>Retrouvez les dates des f\u00eates ci-dessous\u00a0:<\/p>\n\n\n\n<ul class=\"wp-block-list\"><li>Ce vendredi 22 Juillet\u00a0: Bermerain, Saulzoir, Solesmes &amp; Viesly<\/li><li>Le Vendredi 29 Juillet\u00a0:\u00a0 Saint-Python &amp; Haussy<\/li><\/ul>\n\n\n\n<h2 class=\"wp-block-heading\"><strong>Ev\u00e8nements de la rentr\u00e9e.<\/strong><strong>&nbsp;&nbsp;<\/strong><\/h2>\n\n\n\n<p><strong>14 Septembre\u00a0: Moment en famille \u00e0 Sommaing\/Ecaillon<br><\/strong>Gratuit, ce rendez-vous, port\u00e9 par l\u2019\u00e9tape de la CCPS, est un pr\u00e9texte \u00e0 la rencontre. Des jeux libres, des contes, de la gym\u2026 les activit\u00e9s pour toute la famille ne manquent pas et sont gratuites.<\/p>\n\n\n\n<p>Ci-contre l\u2019\u00e9v\u00e8nement facebook\u00a0:\u00a0<a rel=\"noreferrer noopener\" href=\"https:\/\/fb.me\/e\/25xb4XpMS\" target=\"_blank\">https:\/\/fb.me\/e\/25xb4XpMS<\/a><br><\/p>\n\n\n\n<figure class=\"wp-block-image size-large\"><a href=\"https:\/\/www.monvillage.cafe\/saintmartinsurecaillon\/wp-content\/uploads\/sites\/2\/2022\/07\/A3-journee-en-famille-1409-1.pdf\" target=\"_blank\" rel=\"noreferrer noopener\"><img loading=\"lazy\" decoding=\"async\" width=\"724\" height=\"1024\" src=\"https:\/\/www.monvillage.cafe\/saintmartinsurecaillon\/wp-content\/uploads\/sites\/2\/2022\/07\/A3-journee-en-famille-1409-724x1024.jpg\" alt=\"\" class=\"wp-image-4088\"\/><\/a><\/figure>\n\n\n\n<ul class=\"wp-block-list\"><li><strong>04 Octobre&nbsp;: La cyber-s\u00e9curit\u00e9 \u00e0 Escarmain<\/strong><\/li><\/ul>\n\n\n\n<p>Un rendez-vous pour vous, municipalit\u00e9s et \u00e9lus, les entreprises de votre communes et vos administr\u00e9s.<br>Pour pr\u00e9venir les cyber-attaques qui s\u2019intensifient, il est indispensable de faire de la cybers\u00e9curit\u00e9 une priorit\u00e9.<\/p>\n\n\n\n<p>Nous vous invitons donc\u00a0<em>le Mardi 04 Octobre \u00e0 10h, en la salle des f\u00eates d\u2019Escarmain<\/em>, pour comprendre les risques et les menaces de la cybermalveillance et s\u2019en prot\u00e9ger.<br>La cellule s\u00e9curit\u00e9 \u00e9conomique et protection des entreprises de la Gendarmerie Nationale et\u00a0 une entreprise interviendront durant la matin\u00e9e.<br>Le rendez-vous, port\u00e9 par le service du d\u00e9veloppement \u00e9conomique, est gratuit, n\u00e9anmoins nous vous prions de bien vouloir vous inscrire via le lien ci-contre :\u00a0<a rel=\"noreferrer noopener\" href=\"https:\/\/urlz.fr\/iJKt\" target=\"_blank\">https:\/\/urlz.fr\/iJKt<\/a><\/p>\n\n\n\n<p>Nous avons travaill\u00e9 avec l\u2019adjudante-cheffe Sophie Zaman, affect\u00e9e \u00e0 la cellule renseignement du groupement de gendarmerie. Des vid\u00e9os seront donc publi\u00e9es sur notre page facebook d\u00e8s fin-ao\u00fbt. Nous vous invitons \u00e0 les relayer sur vos pages.<\/p>\n\n\n\n<p>Vous trouverez ci-contre le lien de l\u2019\u00e9v\u00e8nement facebook, n\u2019h\u00e9sitez pas \u00e0 inviter vos amis et \u00e0 partager l\u2019\u00e9v\u00e8nement dans des groupes, sur la page de votre commune etc .. :\u00a0<a rel=\"noreferrer noopener\" href=\"https:\/\/fb.me\/e\/1J8SYzDww\" target=\"_blank\">https:\/\/fb.me\/e\/1J8SYzDww<\/a><br><\/p>\n\n\n\n<figure class=\"wp-block-image size-large\"><a href=\"https:\/\/www.monvillage.cafe\/saintmartinsurecaillon\/wp-content\/uploads\/sites\/2\/2022\/07\/A3-cyber-secu-04.10.22.pdf\" target=\"_blank\" rel=\"noreferrer noopener\"><img loading=\"lazy\" decoding=\"async\" width=\"724\" height=\"1024\" src=\"https:\/\/www.monvillage.cafe\/saintmartinsurecaillon\/wp-content\/uploads\/sites\/2\/2022\/07\/A3-cyber-secu-photo-724x1024.jpg\" alt=\"\" class=\"wp-image-4087\"\/><\/a><\/figure>\n\n\n\n<hr class=\"wp-block-separator has-text-color has-vivid-red-color has-alpha-channel-opacity has-vivid-red-background-color has-background\"\/>\n\n\n\n<div class=\"wp-block-file\"><a id=\"wp-block-file--media-57ae4450-cf24-4e55-aae8-4b17bf3ff688\" href=\"https:\/\/www.monvillage.cafe\/saintmartinsurecaillon\/wp-content\/uploads\/sites\/2\/2022\/07\/A3-cyber-secu-04.10.22.pdf\">A3-cyber-secu-04.10.22<\/a><a href=\"https:\/\/www.monvillage.cafe\/saintmartinsurecaillon\/wp-content\/uploads\/sites\/2\/2022\/07\/A3-cyber-secu-04.10.22.pdf\" class=\"wp-block-file__button\" download aria-describedby=\"wp-block-file--media-57ae4450-cf24-4e55-aae8-4b17bf3ff688\">T\u00e9l\u00e9charger<\/a><\/div>\n\n\n\n<div class=\"wp-block-file\"><a id=\"wp-block-file--media-47369ea2-df72-4481-b92d-37c6ae5d60a8\" href=\"https:\/\/www.monvillage.cafe\/saintmartinsurecaillon\/wp-content\/uploads\/sites\/2\/2022\/07\/A3-journee-en-famille-1409-1.pdf\">A3-journee-en-famille-1409-1<\/a><a href=\"https:\/\/www.monvillage.cafe\/saintmartinsurecaillon\/wp-content\/uploads\/sites\/2\/2022\/07\/A3-journee-en-famille-1409-1.pdf\" class=\"wp-block-file__button\" download aria-describedby=\"wp-block-file--media-47369ea2-df72-4481-b92d-37c6ae5d60a8\">T\u00e9l\u00e9charger<\/a><\/div>\n","protected":false},"excerpt":{"rendered":"<p>Nous vous partageons les informations de la Communaut\u00e9 de Communes du Pays Solesmois. Merci d\u2019en prendre connaissance. Inscription \u00e0 la Newsletter de la CCPS Nous avons partag\u00e9 sur panneau pocket et facebook, un lien pour s\u2019inscrire \u00e0 la newsletter externe de la CCPS. Nous vous invitons \u00e0 recevoir, une fois par mois \u00e0 partir de [&hellip;]<\/p>\n","protected":false},"author":1,"featured_media":0,"comment_status":"closed","ping_status":"open","sticky":false,"template":"","format":"standard","meta":{"_et_pb_use_builder":"off","_et_pb_old_content":"","_et_gb_content_width":"","footnotes":""},"categories":[2,4],"tags":[],"class_list":["post-4086","post","type-post","status-publish","format-standard","hentry","category-ccps","category-divers"],"_links":{"self":[{"href":"https:\/\/www.monvillage.cafe\/saintmartinsurecaillon\/wp-json\/wp\/v2\/posts\/4086","targetHints":{"allow":["GET"]}}],"collection":[{"href":"https:\/\/www.monvillage.cafe\/saintmartinsurecaillon\/wp-json\/wp\/v2\/posts"}],"about":[{"href":"https:\/\/www.monvillage.cafe\/saintmartinsurecaillon\/wp-json\/wp\/v2\/types\/post"}],"author":[{"embeddable":true,"href":"https:\/\/www.monvillage.cafe\/saintmartinsurecaillon\/wp-json\/wp\/v2\/users\/1"}],"replies":[{"embeddable":true,"href":"https:\/\/www.monvillage.cafe\/saintmartinsurecaillon\/wp-json\/wp\/v2\/comments?post=4086"}],"version-history":[{"count":1,"href":"https:\/\/www.monvillage.cafe\/saintmartinsurecaillon\/wp-json\/wp\/v2\/posts\/4086\/revisions"}],"predecessor-version":[{"id":4091,"href":"https:\/\/www.monvillage.cafe\/saintmartinsurecaillon\/wp-json\/wp\/v2\/posts\/4086\/revisions\/4091"}],"wp:attachment":[{"href":"https:\/\/www.monvillage.cafe\/saintmartinsurecaillon\/wp-json\/wp\/v2\/media?parent=4086"}],"wp:term":[{"taxonomy":"category","embeddable":true,"href":"https:\/\/www.monvillage.cafe\/saintmartinsurecaillon\/wp-json\/wp\/v2\/categories?post=4086"},{"taxonomy":"post_tag","embeddable":true,"href":"https:\/\/www.monvillage.cafe\/saintmartinsurecaillon\/wp-json\/wp\/v2\/tags?post=4086"}],"curies":[{"name":"wp","href":"https:\/\/api.w.org\/{rel}","templated":true}]}}