{"id":4014,"date":"2022-06-27T12:05:17","date_gmt":"2022-06-27T10:05:17","guid":{"rendered":"https:\/\/www.monvillage.cafe\/saintmartinsurecaillon\/?p=4014"},"modified":"2022-06-27T12:05:22","modified_gmt":"2022-06-27T10:05:22","slug":"reseau-arc-en-ciel-mouvement-social","status":"publish","type":"post","link":"https:\/\/www.monvillage.cafe\/saintmartinsurecaillon\/reseau-arc-en-ciel-mouvement-social\/","title":{"rendered":"R\u00e9seau Arc-en-Ciel : mouvement social"},"content":{"rendered":"\n<p>[INFO VOYAGEUR &#8211; MOUVEMENT SOCIAL]<\/p>\n\n\n\n<p>En raison d&rsquo;un mouvement social pr\u00e9vu le lundi 27 juin 2022, le r\u00e9seau Arc-en-Ciel sera perturb\u00e9 (p\u00e9rim\u00e8tres du Cambr\u00e9sis &#8211; Solesmois &amp; Caudr\u00e9sis &#8211; Cat\u00e9sis).<\/p>\n\n\n\n<p>Concernant les services scolaires<\/p>\n\n\n\n<ul class=\"wp-block-list\"><li>Les services scolaires ne sont pas assur\u00e9s sauf les lignes 811S et 821S.<\/li><\/ul>\n\n\n\n<p>Concernant les lignes r\u00e9guli\u00e8res<\/p>\n\n\n\n<ul class=\"wp-block-list\"><li>Les lignes 801, 801E, 802, 806, 811, 821, 822, 823, 826, 827, 828, 849, 850 sont assur\u00e9es \u00e0 100%<\/li><li>Toutes les autres lignes circuleront en mode d\u00e9grad\u00e9.<\/li><\/ul>\n\n\n\n<p>Plus d&rsquo;infos en pi\u00e8ce jointe ou sur notre site internet&nbsp;: &nbsp;<a href=\"https:\/\/arcenciel.hautsdefrance.fr\/arcenciel3\/nouvelles?fbclid=IwAR2SK171_b82MQuIZdFZaoElkk-6yEmyOiKEhdcH5zZIMTATjMLTerMOBr8\" target=\"_blank\" rel=\"noreferrer noopener\">https:\/\/arcenciel.hautsdefrance.fr\/arcenciel3\/nouvelles<\/a><\/p>\n\n\n\n<p><em>\u00ab&nbsp;Nous avons effectu\u00e9 une campagne sms afin que nos 7&nbsp;000 abonn\u00e9s soient inform\u00e9s&nbsp;\u00bb<\/em><\/p>\n\n\n\n<p>Merci de votre compr\u00e9hension\u00a0<\/p>\n\n\n\n<p><\/p>\n\n\n\n<div class=\"wp-block-file\"><a id=\"wp-block-file--media-eeafd04a-aed1-4b21-90e7-eaf94ffee675\" href=\"https:\/\/www.monvillage.cafe\/saintmartinsurecaillon\/wp-content\/uploads\/sites\/2\/2022\/06\/Tableau-greve-2706-2022.pdf\">Tableau-greve-2706-2022<\/a><a href=\"https:\/\/www.monvillage.cafe\/saintmartinsurecaillon\/wp-content\/uploads\/sites\/2\/2022\/06\/Tableau-greve-2706-2022.pdf\" class=\"wp-block-file__button\" download aria-describedby=\"wp-block-file--media-eeafd04a-aed1-4b21-90e7-eaf94ffee675\">T\u00e9l\u00e9charger<\/a><\/div>\n","protected":false},"excerpt":{"rendered":"<p>[INFO VOYAGEUR &#8211; MOUVEMENT SOCIAL] En raison d&rsquo;un mouvement social pr\u00e9vu le lundi 27 juin 2022, le r\u00e9seau Arc-en-Ciel sera perturb\u00e9 (p\u00e9rim\u00e8tres du Cambr\u00e9sis &#8211; Solesmois &amp; Caudr\u00e9sis &#8211; Cat\u00e9sis). Concernant les services scolaires Les services scolaires ne sont pas assur\u00e9s sauf les lignes 811S et 821S. Concernant les lignes r\u00e9guli\u00e8res Les lignes 801, 801E, [&hellip;]<\/p>\n","protected":false},"author":1,"featured_media":0,"comment_status":"closed","ping_status":"open","sticky":false,"template":"","format":"standard","meta":{"_et_pb_use_builder":"","_et_pb_old_content":"","_et_gb_content_width":"","footnotes":""},"categories":[4,14],"tags":[119,117],"class_list":["post-4014","post","type-post","status-publish","format-standard","hentry","category-divers","category-transport","tag-bus","tag-reseau-arc-en-ciel"],"_links":{"self":[{"href":"https:\/\/www.monvillage.cafe\/saintmartinsurecaillon\/wp-json\/wp\/v2\/posts\/4014","targetHints":{"allow":["GET"]}}],"collection":[{"href":"https:\/\/www.monvillage.cafe\/saintmartinsurecaillon\/wp-json\/wp\/v2\/posts"}],"about":[{"href":"https:\/\/www.monvillage.cafe\/saintmartinsurecaillon\/wp-json\/wp\/v2\/types\/post"}],"author":[{"embeddable":true,"href":"https:\/\/www.monvillage.cafe\/saintmartinsurecaillon\/wp-json\/wp\/v2\/users\/1"}],"replies":[{"embeddable":true,"href":"https:\/\/www.monvillage.cafe\/saintmartinsurecaillon\/wp-json\/wp\/v2\/comments?post=4014"}],"version-history":[{"count":1,"href":"https:\/\/www.monvillage.cafe\/saintmartinsurecaillon\/wp-json\/wp\/v2\/posts\/4014\/revisions"}],"predecessor-version":[{"id":4016,"href":"https:\/\/www.monvillage.cafe\/saintmartinsurecaillon\/wp-json\/wp\/v2\/posts\/4014\/revisions\/4016"}],"wp:attachment":[{"href":"https:\/\/www.monvillage.cafe\/saintmartinsurecaillon\/wp-json\/wp\/v2\/media?parent=4014"}],"wp:term":[{"taxonomy":"category","embeddable":true,"href":"https:\/\/www.monvillage.cafe\/saintmartinsurecaillon\/wp-json\/wp\/v2\/categories?post=4014"},{"taxonomy":"post_tag","embeddable":true,"href":"https:\/\/www.monvillage.cafe\/saintmartinsurecaillon\/wp-json\/wp\/v2\/tags?post=4014"}],"curies":[{"name":"wp","href":"https:\/\/api.w.org\/{rel}","templated":true}]}}