{"id":3993,"date":"2022-07-21T06:00:00","date_gmt":"2022-07-21T04:00:00","guid":{"rendered":"https:\/\/www.monvillage.cafe\/saintmartinsurecaillon\/?p=3993"},"modified":"2022-06-24T09:29:08","modified_gmt":"2022-06-24T07:29:08","slug":"petit-live-entre-amies-22-juillet-sommaing-sur-ecaillon","status":"publish","type":"post","link":"https:\/\/www.monvillage.cafe\/saintmartinsurecaillon\/petit-live-entre-amies-22-juillet-sommaing-sur-ecaillon\/","title":{"rendered":"Petit Live entre Ami(e)s : 22 juillet Sommaing sur Ecaillon"},"content":{"rendered":"\n<figure class=\"wp-block-image size-large\"><img loading=\"lazy\" decoding=\"async\" width=\"1024\" height=\"576\" src=\"https:\/\/www.monvillage.cafe\/saintmartinsurecaillon\/wp-content\/uploads\/sites\/2\/2022\/06\/2207-1-1024x576.jpg\" alt=\"\" class=\"wp-image-3994\" srcset=\"https:\/\/www.monvillage.cafe\/saintmartinsurecaillon\/wp-content\/uploads\/sites\/2\/2022\/06\/2207-1-980x551.jpg 980w, https:\/\/www.monvillage.cafe\/saintmartinsurecaillon\/wp-content\/uploads\/sites\/2\/2022\/06\/2207-1-480x270.jpg 480w\" sizes=\"(min-width: 0px) and (max-width: 480px) 480px, (min-width: 481px) and (max-width: 980px) 980px, (min-width: 981px) 1024px, 100vw\" \/><figcaption><img loading=\"lazy\" decoding=\"async\" height=\"16\" width=\"16\" src=\"https:\/\/ci6.googleusercontent.com\/proxy\/4mOs2D1T560xxCSFnLxQvETKebLiYKA_DXVOiRABjN-ndmY03SptItqjeQYvJ0EYklzSjyI3xHgE8MKViVrbFqEQVBgt_imFQZa9L89A3X_7O665xQ=s0-d-e1-ft#https:\/\/static.xx.fbcdn.net\/images\/emoji.php\/v9\/t2d\/1\/16\/1f4cd.png\" alt=\"\ud83d\udccd\">\u00a0Vendredi 22 Juillet<br><br>Sommaing-sur-Ecaillon\u00a0<br><br>Plaine de jeux\u00a0<br><em><strong>d\u00e8s 18h : March\u00e9 des producteurs.<br>19h30 : Concert<\/strong><\/em><br><br><strong>\u00a0Love Boat, l&rsquo;orchestre de bal jazzy qui vous emm\u00e8nera en croisi\u00e8re au rythme effr\u00e9n\u00e9 des grands standards du jazz.<\/strong><\/figcaption><\/figure>\n","protected":false},"excerpt":{"rendered":"","protected":false},"author":1,"featured_media":0,"comment_status":"closed","ping_status":"open","sticky":false,"template":"","format":"standard","meta":{"_et_pb_use_builder":"off","_et_pb_old_content":"","_et_gb_content_width":"","footnotes":""},"categories":[2,3],"tags":[471,441],"class_list":["post-3993","post","type-post","status-publish","format-standard","hentry","category-ccps","category-culture","tag-lives-entre-maies","tag-saison-culturelle"],"_links":{"self":[{"href":"https:\/\/www.monvillage.cafe\/saintmartinsurecaillon\/wp-json\/wp\/v2\/posts\/3993","targetHints":{"allow":["GET"]}}],"collection":[{"href":"https:\/\/www.monvillage.cafe\/saintmartinsurecaillon\/wp-json\/wp\/v2\/posts"}],"about":[{"href":"https:\/\/www.monvillage.cafe\/saintmartinsurecaillon\/wp-json\/wp\/v2\/types\/post"}],"author":[{"embeddable":true,"href":"https:\/\/www.monvillage.cafe\/saintmartinsurecaillon\/wp-json\/wp\/v2\/users\/1"}],"replies":[{"embeddable":true,"href":"https:\/\/www.monvillage.cafe\/saintmartinsurecaillon\/wp-json\/wp\/v2\/comments?post=3993"}],"version-history":[{"count":1,"href":"https:\/\/www.monvillage.cafe\/saintmartinsurecaillon\/wp-json\/wp\/v2\/posts\/3993\/revisions"}],"predecessor-version":[{"id":3995,"href":"https:\/\/www.monvillage.cafe\/saintmartinsurecaillon\/wp-json\/wp\/v2\/posts\/3993\/revisions\/3995"}],"wp:attachment":[{"href":"https:\/\/www.monvillage.cafe\/saintmartinsurecaillon\/wp-json\/wp\/v2\/media?parent=3993"}],"wp:term":[{"taxonomy":"category","embeddable":true,"href":"https:\/\/www.monvillage.cafe\/saintmartinsurecaillon\/wp-json\/wp\/v2\/categories?post=3993"},{"taxonomy":"post_tag","embeddable":true,"href":"https:\/\/www.monvillage.cafe\/saintmartinsurecaillon\/wp-json\/wp\/v2\/tags?post=3993"}],"curies":[{"name":"wp","href":"https:\/\/api.w.org\/{rel}","templated":true}]}}