{"id":3799,"date":"2022-04-23T09:34:36","date_gmt":"2022-04-23T07:34:36","guid":{"rendered":"https:\/\/www.monvillage.cafe\/saintmartinsurecaillon\/?p=3799"},"modified":"2022-04-23T09:34:37","modified_gmt":"2022-04-23T07:34:37","slug":"poursuite-du-plan-de-transport-adapte-a-partir-du-25-avril-2022","status":"publish","type":"post","link":"https:\/\/www.monvillage.cafe\/saintmartinsurecaillon\/poursuite-du-plan-de-transport-adapte-a-partir-du-25-avril-2022\/","title":{"rendered":"Poursuite du plan de transport adapt\u00e9 \u00e0 partir du 25 avril 2022"},"content":{"rendered":"\n<figure class=\"wp-block-image size-full\"><img loading=\"lazy\" decoding=\"async\" width=\"813\" height=\"127\" src=\"https:\/\/www.monvillage.cafe\/saintmartinsurecaillon\/wp-content\/uploads\/sites\/2\/2022\/04\/reseau-arcenciel.jpg\" alt=\"\" class=\"wp-image-3800\" srcset=\"https:\/\/www.monvillage.cafe\/saintmartinsurecaillon\/wp-content\/uploads\/sites\/2\/2022\/04\/reseau-arcenciel.jpg 813w, https:\/\/www.monvillage.cafe\/saintmartinsurecaillon\/wp-content\/uploads\/sites\/2\/2022\/04\/reseau-arcenciel-480x75.jpg 480w\" sizes=\"(min-width: 0px) and (max-width: 480px) 480px, (min-width: 481px) 813px, 100vw\" \/><\/figure>\n\n\n\n<p><\/p>\n\n\n\n<figure class=\"wp-block-table\"><table><tbody><tr><td><strong>Poursuite du plan de transport adapt\u00e9 \u00e0 partir du 25 avril 2022<\/strong><\/td><\/tr><\/tbody><\/table><\/figure>\n\n\n\n<figure class=\"wp-block-table\"><table><tbody><tr><td>Le Plan de Transport Adapt\u00e9 (PTA) est prolong\u00e9 \u00e0 compter de ce lundi 25 avril 2022, r\u00e9duisant ainsi l&rsquo;offre de transport pour une dur\u00e9e d&rsquo;une semaine.\u00a0Conscients des d\u00e9sagr\u00e9ments v\u00e9cus par nos voyageurs avec la suppression r\u00e9guli\u00e8re de services sur la p\u00e9riode r\u00e9cente, l\u2019objectif de ces ajustements temporaires est de garantir l\u2019int\u00e9gralit\u00e9 du fonctionnement des services maintenus.\u00a0<br>Nos agences de Solesmes et Caudry sont \u00e0 votre disposition pour vous orienter sur les solutions de transports disponibles.\u00a0<br>Liste des services supprim\u00e9s et modifi\u00e9s \u00e0 partir du lundi 25 avril 2022 : <br><a rel=\"noreferrer noopener\" href=\"https:\/\/eye.sbc33.com\/c?p=wAbNA6DDxBDQ2iTQkPvQ0ipBWtCNXdDR0Nhm-Do-xBBXCH8_0MvQyksJ0L7mSy9RPWpq2ThodHRwczovL2FyY2VuY2llbC5oYXV0c2RlZnJhbmNlLmZyL2FyY2VuY2llbDMvYWxlcnRlLzgxMLg1ZGU3YzljY2I4NWI1MzE3MTY1ZmJmM2S4NjI2MjcwMjgzNjhhYTQzYjg2ZTJiZjIzwLY5Yktfd09qWFQ3V3NBMzdUcHNpTkt3rWV5ZS5zYmMzMy5jb23EFNCRHP4S4DDQqUkY4S8m0MRQfTY50LvQtFc\" target=\"_blank\">https:\/\/arcenciel.hautsdefrance.fr\/arcenciel3\/alerte\/810<\/a><br>Les fiches horaires et le calculateur d&rsquo;itin\u00e9raire sur le site internet seront mis \u00e0 jour Dimanche 24 avril 2022.Restez connect\u00e9s.<br><br>Merci de votre compr\u00e9hension\u00a0<br>\u00c0 bient\u00f4t sur nos lignes !Votre service client Arc en Ciel<\/td><\/tr><\/tbody><\/table><\/figure>\n","protected":false},"excerpt":{"rendered":"<p>Poursuite du plan de transport adapt\u00e9 \u00e0 partir du 25 avril 2022 Le Plan de Transport Adapt\u00e9 (PTA) est prolong\u00e9 \u00e0 compter de ce lundi 25 avril 2022, r\u00e9duisant ainsi l&rsquo;offre de transport pour une dur\u00e9e d&rsquo;une semaine.\u00a0Conscients des d\u00e9sagr\u00e9ments v\u00e9cus par nos voyageurs avec la suppression r\u00e9guli\u00e8re de services sur la p\u00e9riode r\u00e9cente, l\u2019objectif [&hellip;]<\/p>\n","protected":false},"author":1,"featured_media":0,"comment_status":"closed","ping_status":"open","sticky":false,"template":"","format":"standard","meta":{"_et_pb_use_builder":"off","_et_pb_old_content":"","_et_gb_content_width":"","footnotes":""},"categories":[4,14],"tags":[119,117],"class_list":["post-3799","post","type-post","status-publish","format-standard","hentry","category-divers","category-transport","tag-bus","tag-reseau-arc-en-ciel"],"_links":{"self":[{"href":"https:\/\/www.monvillage.cafe\/saintmartinsurecaillon\/wp-json\/wp\/v2\/posts\/3799","targetHints":{"allow":["GET"]}}],"collection":[{"href":"https:\/\/www.monvillage.cafe\/saintmartinsurecaillon\/wp-json\/wp\/v2\/posts"}],"about":[{"href":"https:\/\/www.monvillage.cafe\/saintmartinsurecaillon\/wp-json\/wp\/v2\/types\/post"}],"author":[{"embeddable":true,"href":"https:\/\/www.monvillage.cafe\/saintmartinsurecaillon\/wp-json\/wp\/v2\/users\/1"}],"replies":[{"embeddable":true,"href":"https:\/\/www.monvillage.cafe\/saintmartinsurecaillon\/wp-json\/wp\/v2\/comments?post=3799"}],"version-history":[{"count":1,"href":"https:\/\/www.monvillage.cafe\/saintmartinsurecaillon\/wp-json\/wp\/v2\/posts\/3799\/revisions"}],"predecessor-version":[{"id":3801,"href":"https:\/\/www.monvillage.cafe\/saintmartinsurecaillon\/wp-json\/wp\/v2\/posts\/3799\/revisions\/3801"}],"wp:attachment":[{"href":"https:\/\/www.monvillage.cafe\/saintmartinsurecaillon\/wp-json\/wp\/v2\/media?parent=3799"}],"wp:term":[{"taxonomy":"category","embeddable":true,"href":"https:\/\/www.monvillage.cafe\/saintmartinsurecaillon\/wp-json\/wp\/v2\/categories?post=3799"},{"taxonomy":"post_tag","embeddable":true,"href":"https:\/\/www.monvillage.cafe\/saintmartinsurecaillon\/wp-json\/wp\/v2\/tags?post=3799"}],"curies":[{"name":"wp","href":"https:\/\/api.w.org\/{rel}","templated":true}]}}