{"id":3715,"date":"2022-04-02T10:43:59","date_gmt":"2022-04-02T08:43:59","guid":{"rendered":"https:\/\/www.monvillage.cafe\/saintmartinsurecaillon\/?p=3715"},"modified":"2022-04-02T10:44:00","modified_gmt":"2022-04-02T08:44:00","slug":"reseau-arc-en-ciel-plan-de-transport-adapte","status":"publish","type":"post","link":"https:\/\/www.monvillage.cafe\/saintmartinsurecaillon\/reseau-arc-en-ciel-plan-de-transport-adapte\/","title":{"rendered":"R\u00e9seau Arc-en-Ciel : Plan de transport adapt\u00e9"},"content":{"rendered":"\n<figure class=\"wp-block-image size-full\"><img loading=\"lazy\" decoding=\"async\" width=\"303\" height=\"101\" src=\"https:\/\/www.monvillage.cafe\/saintmartinsurecaillon\/wp-content\/uploads\/sites\/2\/2022\/04\/place.jpg\" alt=\"\" class=\"wp-image-3716\" srcset=\"https:\/\/www.monvillage.cafe\/saintmartinsurecaillon\/wp-content\/uploads\/sites\/2\/2022\/04\/place.jpg 303w, https:\/\/www.monvillage.cafe\/saintmartinsurecaillon\/wp-content\/uploads\/sites\/2\/2022\/04\/place-300x100.jpg 300w\" sizes=\"(max-width: 303px) 100vw, 303px\" \/><\/figure>\n\n\n\n<p>En raison d&rsquo;un absent\u00e9isme important et anormal pour la soci\u00e9t\u00e9 Place Mobilit\u00e9, la r\u00e9gion Hauts-de-France et le transporteur mettent en place un Plan de Transport Adapt\u00e9 (PTA) \u00e0 compter de ce lundi 4 avril 2022, r\u00e9duisant ainsi l&rsquo;offre de transport pour une dur\u00e9e d&rsquo;une semaine.<\/p>\n\n\n\n<p>Conscients des d\u00e9sagr\u00e9ments v\u00e9cus par nos voyageurs avec la suppression r\u00e9guli\u00e8re de services sur la p\u00e9riode r\u00e9cente, l\u2019objectif de ces ajustements temporaires est de garantir l\u2019int\u00e9gralit\u00e9 du fonctionnement des services maintenus.<\/p>\n\n\n\n<p>Nos agences de Solesmes et Caudry sont \u00e0 votre disposition pour vous orienter sur les solutions de transports disponibles.<\/p>\n\n\n\n<p>Liste des services supprim\u00e9s et modifi\u00e9s \u00e0 partir du lundi 4 avril 2022:&nbsp;<a href=\"https:\/\/arcenciel.hautsdefrance.fr\/...\/arc...\/PTA\/PTA_v2.pdf\" target=\"_blank\" rel=\"noreferrer noopener\">https:\/\/arcenciel.hautsdefrance.fr\/&#8230;\/arc&#8230;\/PTA\/PTA_v2.pdf<\/a><\/p>\n\n\n\n<p>Les fiches horaires et le calculateur d&rsquo;itin\u00e9raire sur le site internet seront mis \u00e0 jour dans la journ\u00e9e du 1er avril 2022.<\/p>\n\n\n\n<p>Merci de votre compr\u00e9hension<\/p>\n\n\n\n<figure class=\"wp-block-image size-full is-resized\"><img loading=\"lazy\" decoding=\"async\" src=\"https:\/\/www.monvillage.cafe\/saintmartinsurecaillon\/wp-content\/uploads\/sites\/2\/2022\/04\/pla-ce-entreprise.png\" alt=\"\" class=\"wp-image-3717\" width=\"303\" height=\"95\"\/><\/figure>\n","protected":false},"excerpt":{"rendered":"<p>En raison d&rsquo;un absent\u00e9isme important et anormal pour la soci\u00e9t\u00e9 Place Mobilit\u00e9, la r\u00e9gion Hauts-de-France et le transporteur mettent en place un Plan de Transport Adapt\u00e9 (PTA) \u00e0 compter de ce lundi 4 avril 2022, r\u00e9duisant ainsi l&rsquo;offre de transport pour une dur\u00e9e d&rsquo;une semaine. Conscients des d\u00e9sagr\u00e9ments v\u00e9cus par nos voyageurs avec la suppression [&hellip;]<\/p>\n","protected":false},"author":1,"featured_media":0,"comment_status":"closed","ping_status":"open","sticky":false,"template":"","format":"standard","meta":{"_et_pb_use_builder":"off","_et_pb_old_content":"","_et_gb_content_width":"","footnotes":""},"categories":[4,14],"tags":[119,442,117],"class_list":["post-3715","post","type-post","status-publish","format-standard","hentry","category-divers","category-transport","tag-bus","tag-pta","tag-reseau-arc-en-ciel"],"_links":{"self":[{"href":"https:\/\/www.monvillage.cafe\/saintmartinsurecaillon\/wp-json\/wp\/v2\/posts\/3715","targetHints":{"allow":["GET"]}}],"collection":[{"href":"https:\/\/www.monvillage.cafe\/saintmartinsurecaillon\/wp-json\/wp\/v2\/posts"}],"about":[{"href":"https:\/\/www.monvillage.cafe\/saintmartinsurecaillon\/wp-json\/wp\/v2\/types\/post"}],"author":[{"embeddable":true,"href":"https:\/\/www.monvillage.cafe\/saintmartinsurecaillon\/wp-json\/wp\/v2\/users\/1"}],"replies":[{"embeddable":true,"href":"https:\/\/www.monvillage.cafe\/saintmartinsurecaillon\/wp-json\/wp\/v2\/comments?post=3715"}],"version-history":[{"count":1,"href":"https:\/\/www.monvillage.cafe\/saintmartinsurecaillon\/wp-json\/wp\/v2\/posts\/3715\/revisions"}],"predecessor-version":[{"id":3718,"href":"https:\/\/www.monvillage.cafe\/saintmartinsurecaillon\/wp-json\/wp\/v2\/posts\/3715\/revisions\/3718"}],"wp:attachment":[{"href":"https:\/\/www.monvillage.cafe\/saintmartinsurecaillon\/wp-json\/wp\/v2\/media?parent=3715"}],"wp:term":[{"taxonomy":"category","embeddable":true,"href":"https:\/\/www.monvillage.cafe\/saintmartinsurecaillon\/wp-json\/wp\/v2\/categories?post=3715"},{"taxonomy":"post_tag","embeddable":true,"href":"https:\/\/www.monvillage.cafe\/saintmartinsurecaillon\/wp-json\/wp\/v2\/tags?post=3715"}],"curies":[{"name":"wp","href":"https:\/\/api.w.org\/{rel}","templated":true}]}}