{"id":3686,"date":"2022-03-16T18:42:10","date_gmt":"2022-03-16T17:42:10","guid":{"rendered":"https:\/\/www.monvillage.cafe\/saintmartinsurecaillon\/?p=3686"},"modified":"2022-03-16T18:42:11","modified_gmt":"2022-03-16T17:42:11","slug":"reseau-arc-en-ciel-travaux","status":"publish","type":"post","link":"https:\/\/www.monvillage.cafe\/saintmartinsurecaillon\/reseau-arc-en-ciel-travaux\/","title":{"rendered":"R\u00e9seau Arc-en-Ciel : travaux"},"content":{"rendered":"\n<figure class=\"wp-block-image size-full\"><img loading=\"lazy\" decoding=\"async\" width=\"303\" height=\"101\" src=\"https:\/\/www.monvillage.cafe\/saintmartinsurecaillon\/wp-content\/uploads\/sites\/2\/2022\/03\/place.jpg\" alt=\"\" class=\"wp-image-3687\" srcset=\"https:\/\/www.monvillage.cafe\/saintmartinsurecaillon\/wp-content\/uploads\/sites\/2\/2022\/03\/place.jpg 303w, https:\/\/www.monvillage.cafe\/saintmartinsurecaillon\/wp-content\/uploads\/sites\/2\/2022\/03\/place-300x100.jpg 300w\" sizes=\"(max-width: 303px) 100vw, 303px\" \/><\/figure>\n\n\n\n<p><strong>[INFO TRAFIC &#8211; LIGNE 823, 823S]<\/strong><\/p>\n\n\n\n<p><strong>TRAVAUX COMMUNE DE BERMERAIN<\/strong><\/p>\n\n\n\n<p>Rue du Miroir<\/p>\n\n\n\n<p>Le Vendredi 18 mars 2022 de 13h \u00e0 15h&nbsp;<strong>uniquement.<\/strong><\/p>\n\n\n\n<p>En raison des travaux commune de Bermerain :<\/p>\n\n\n\n<p>L&rsquo; arr\u00eat \u00ab\u00a0Place de la Victoire\u00a0\u00bb \u00e0 St Martin\/Ecaillon est report\u00e9 \u00e0 l&rsquo;arr\u00eat \u00ab\u00a0Au bon jus\u00a0\u00bb \u00e0 Bermerain<\/p>\n","protected":false},"excerpt":{"rendered":"<p>[INFO TRAFIC &#8211; LIGNE 823, 823S] TRAVAUX COMMUNE DE BERMERAIN Rue du Miroir Le Vendredi 18 mars 2022 de 13h \u00e0 15h&nbsp;uniquement. En raison des travaux commune de Bermerain : L&rsquo; arr\u00eat \u00ab\u00a0Place de la Victoire\u00a0\u00bb \u00e0 St Martin\/Ecaillon est report\u00e9 \u00e0 l&rsquo;arr\u00eat \u00ab\u00a0Au bon jus\u00a0\u00bb \u00e0 Bermerain<\/p>\n","protected":false},"author":1,"featured_media":0,"comment_status":"closed","ping_status":"open","sticky":false,"template":"","format":"standard","meta":{"_et_pb_use_builder":"off","_et_pb_old_content":"","_et_gb_content_width":"","footnotes":""},"categories":[4,14],"tags":[119,120,117],"class_list":["post-3686","post","type-post","status-publish","format-standard","hentry","category-divers","category-transport","tag-bus","tag-bus-scolaire","tag-reseau-arc-en-ciel"],"_links":{"self":[{"href":"https:\/\/www.monvillage.cafe\/saintmartinsurecaillon\/wp-json\/wp\/v2\/posts\/3686","targetHints":{"allow":["GET"]}}],"collection":[{"href":"https:\/\/www.monvillage.cafe\/saintmartinsurecaillon\/wp-json\/wp\/v2\/posts"}],"about":[{"href":"https:\/\/www.monvillage.cafe\/saintmartinsurecaillon\/wp-json\/wp\/v2\/types\/post"}],"author":[{"embeddable":true,"href":"https:\/\/www.monvillage.cafe\/saintmartinsurecaillon\/wp-json\/wp\/v2\/users\/1"}],"replies":[{"embeddable":true,"href":"https:\/\/www.monvillage.cafe\/saintmartinsurecaillon\/wp-json\/wp\/v2\/comments?post=3686"}],"version-history":[{"count":1,"href":"https:\/\/www.monvillage.cafe\/saintmartinsurecaillon\/wp-json\/wp\/v2\/posts\/3686\/revisions"}],"predecessor-version":[{"id":3688,"href":"https:\/\/www.monvillage.cafe\/saintmartinsurecaillon\/wp-json\/wp\/v2\/posts\/3686\/revisions\/3688"}],"wp:attachment":[{"href":"https:\/\/www.monvillage.cafe\/saintmartinsurecaillon\/wp-json\/wp\/v2\/media?parent=3686"}],"wp:term":[{"taxonomy":"category","embeddable":true,"href":"https:\/\/www.monvillage.cafe\/saintmartinsurecaillon\/wp-json\/wp\/v2\/categories?post=3686"},{"taxonomy":"post_tag","embeddable":true,"href":"https:\/\/www.monvillage.cafe\/saintmartinsurecaillon\/wp-json\/wp\/v2\/tags?post=3686"}],"curies":[{"name":"wp","href":"https:\/\/api.w.org\/{rel}","templated":true}]}}