{"id":3575,"date":"2022-01-25T10:08:36","date_gmt":"2022-01-25T09:08:36","guid":{"rendered":"https:\/\/www.monvillage.cafe\/saintmartinsurecaillon\/?p=3575"},"modified":"2022-01-25T10:18:11","modified_gmt":"2022-01-25T09:18:11","slug":"la-voix-du-nord-au-coeur-de-la-vallee-de-lecaillon-le-charmant-village-de-saint-martin","status":"publish","type":"post","link":"https:\/\/www.monvillage.cafe\/saintmartinsurecaillon\/la-voix-du-nord-au-coeur-de-la-vallee-de-lecaillon-le-charmant-village-de-saint-martin\/","title":{"rendered":"La Voix du Nord : Au c\u0153ur de la vall\u00e9e de l\u2019\u00c9caillon, le charmant village de Saint-Martin"},"content":{"rendered":"<p>[et_pb_section fb_built=\u00a0\u00bb1&Prime; _builder_version=\u00a0\u00bb3.22&Prime; global_colors_info=\u00a0\u00bb{}\u00a0\u00bb][et_pb_row _builder_version=\u00a0\u00bb3.25&Prime; background_size=\u00a0\u00bbinitial\u00a0\u00bb background_position=\u00a0\u00bbtop_left\u00a0\u00bb background_repeat=\u00a0\u00bbrepeat\u00a0\u00bb global_colors_info=\u00a0\u00bb{}\u00a0\u00bb][et_pb_column type=\u00a0\u00bb4_4&Prime; _builder_version=\u00a0\u00bb3.25&Prime; custom_padding=\u00a0\u00bb|||\u00a0\u00bb global_colors_info=\u00a0\u00bb{}\u00a0\u00bb custom_padding__hover=\u00a0\u00bb|||\u00a0\u00bb][et_pb_text _builder_version=\u00a0\u00bb3.27.4&Prime; background_size=\u00a0\u00bbinitial\u00a0\u00bb background_position=\u00a0\u00bbtop_left\u00a0\u00bb background_repeat=\u00a0\u00bbrepeat\u00a0\u00bb global_colors_info=\u00a0\u00bb{}\u00a0\u00bb]<!-- divi:paragraph --><\/p>\n<p>Source : <a href=\"https:\/\/www.lavoixdunord.fr\/1130438\/article\/2022-01-22\/au-coeur-de-la-vallee-de-l-ecaillon-le-charmant-village-de-saint-martin\">https:\/\/www.lavoixdunord.fr\/1130438\/article\/2022-01-22\/au-coeur-de-la-vallee-de-l-ecaillon-le-charmant-village-de-saint-martin<\/a><\/p>\n<p>&nbsp;<\/p>\n<p><!-- \/divi:paragraph --><\/p>\n<p>&nbsp;<\/p>\n<p><!-- divi:paragraph --><\/p>\n<p>Travers\u00e9 par Les Harpies, affluent de l\u2019\u00c9caillon et sous-affluent de l\u2019Escaut, Saint-Martin-sur-\u00c9caillon, joli village verdoyant aux maisons caract\u00e9ristiques de briques et de gr\u00e8s, r\u00e9v\u00e8le ses atouts, \u00e0 d\u00e9couvrir lors d\u2019une promenade allant du clocher aux clochetons.<\/p>\n<p>&nbsp;<\/p>\n<p><!-- \/divi:paragraph --><\/p>\n<p>&nbsp;<\/p>\n<p><!-- divi:paragraph --><\/p>\n<p>B\u00e9rang\u00e8re Flament. Photos Christophe Lefebvre.\u00a0|\u00a0Publi\u00e9 le22\/01\/2022<\/p>\n<p>&nbsp;<\/p>\n<p><!-- \/divi:paragraph --><\/p>\n<p>&nbsp;<\/p>\n<p><!-- divi:gallery {\"ids\":[3577,3578,3579,3580,3581,3582,3583,3584,3585,3586],\"linkTo\":\"none\"} --><\/p>\n<figure class=\"wp-block-gallery columns-3 is-cropped\">\n<ul class=\"blocks-gallery-grid\">\n<li class=\"blocks-gallery-item\">\n<figure><img loading=\"lazy\" decoding=\"async\" width=\"1003\" height=\"623\" src=\"https:\/\/www.monvillage.cafe\/saintmartinsurecaillon\/wp-content\/uploads\/sites\/2\/2022\/01\/smse1-1.jpg\" alt=\"\" data-id=\"3577\" data-full-url=\"https:\/\/www.monvillage.cafe\/saintmartinsurecaillon\/wp-content\/uploads\/sites\/2\/2022\/01\/smse1-1.jpg\" data-link=\"https:\/\/www.monvillage.cafe\/saintmartinsurecaillon\/?attachment_id=3577\" class=\"wp-image-3577\" srcset=\"https:\/\/www.monvillage.cafe\/saintmartinsurecaillon\/wp-content\/uploads\/sites\/2\/2022\/01\/smse1-1.jpg 1003w, https:\/\/www.monvillage.cafe\/saintmartinsurecaillon\/wp-content\/uploads\/sites\/2\/2022\/01\/smse1-1-980x609.jpg 980w, https:\/\/www.monvillage.cafe\/saintmartinsurecaillon\/wp-content\/uploads\/sites\/2\/2022\/01\/smse1-1-480x298.jpg 480w\" sizes=\"(min-width: 0px) and (max-width: 480px) 480px, (min-width: 481px) and (max-width: 980px) 980px, (min-width: 981px) 1003px, 100vw\" \/><\/figure>\n<\/li>\n<\/ul>\n<\/figure>\n<p><!-- \/divi:gallery --><\/p>\n<p>&nbsp;<\/p>\n<p><!-- divi:paragraph --><\/p>\n<p>Nich\u00e9 dans la vall\u00e9e de l\u2019\u00c9caillon, le village de Saint-Martin-sur-\u00c9caillon est une localit\u00e9 du Cambr\u00e9sis proche du Valenciennois qui ne manque pas de charme. Son \u00e9glise d\u00e9di\u00e9e \u2013\u00a0bien \u00e9videmment\u00a0\u2013 \u00e0 saint Martin et construite sur la hauteur de la rue \u00e9ponyme semble veiller sur les habitations en briques dont la plupart sont marqu\u00e9es par une originalit\u00e9 architecturale\u00a0: leur soubassement a \u00e9t\u00e9 \u00e9lev\u00e9 avec du gr\u00e8s qui \u00e9tait extrait sur le territoire de la commune. Si le gisement est aujourd\u2019hui \u00e9puis\u00e9, il a longtemps \u00e9t\u00e9 source de richesse pour la localit\u00e9.<\/p>\n<p>&nbsp;<\/p>\n<p><!-- \/divi:paragraph --><\/p>\n<p>&nbsp;<\/p>\n<p><!-- divi:image {\"id\":3587,\"sizeSlug\":\"full\",\"linkDestination\":\"none\"} --><\/p>\n<figure class=\"wp-block-image size-full\"><img loading=\"lazy\" decoding=\"async\" width=\"868\" height=\"606\" src=\"https:\/\/www.monvillage.cafe\/saintmartinsurecaillon\/wp-content\/uploads\/sites\/2\/2022\/01\/smse11.jpg\" alt=\"\" class=\"wp-image-3587\" srcset=\"https:\/\/www.monvillage.cafe\/saintmartinsurecaillon\/wp-content\/uploads\/sites\/2\/2022\/01\/smse11.jpg 868w, https:\/\/www.monvillage.cafe\/saintmartinsurecaillon\/wp-content\/uploads\/sites\/2\/2022\/01\/smse11-480x335.jpg 480w\" sizes=\"(min-width: 0px) and (max-width: 480px) 480px, (min-width: 481px) 868px, 100vw\" \/><\/figure>\n<p>&nbsp;<\/p>\n<p><!-- \/divi:image --><\/p>\n<p>&nbsp;<\/p>\n<p><!-- divi:paragraph --><\/p>\n<p>Francis Blayac, pr\u00e9sident de l\u2019association Autour du clocher de Saint-Martin, ouvre chaque jour l\u2019\u00e9glise, du matin au soir, \u00ab\u00a0<em>pour permettre d\u2019y venir \u00e0 tout moment\u00a0\u00a0<\/em>\u00bb. La fr\u00e9quence des visites est al\u00e9atoire\u00a0: \u00ab\u00a0<em>La semaine derni\u00e8re, six bougies ont \u00e9t\u00e9 allum\u00e9es\u2026\u00a0\u00a0<\/em>\u00bb, compte-t-il. Le lieu est d\u2019une grande clart\u00e9 gr\u00e2ce \u00e0 des vitraux enti\u00e8rement transparents except\u00e9 celui dont le m\u00e9daillon repr\u00e9sente saint Martin.<\/p>\n<p>&nbsp;<\/p>\n<p><!-- \/divi:paragraph --><\/p>\n<p>&nbsp;<\/p>\n<p><!-- divi:heading --><\/p>\n<h2>Un panorama d\u2019une port\u00e9e de 30 km<\/h2>\n<p>&nbsp;<\/p>\n<p><!-- \/divi:heading --><\/p>\n<p>&nbsp;<\/p>\n<p><!-- divi:image {\"id\":3588,\"sizeSlug\":\"full\",\"linkDestination\":\"none\"} --><\/p>\n<figure class=\"wp-block-image size-full\"><img loading=\"lazy\" decoding=\"async\" width=\"868\" height=\"606\" src=\"https:\/\/www.monvillage.cafe\/saintmartinsurecaillon\/wp-content\/uploads\/sites\/2\/2022\/01\/smse12.jpg\" alt=\"\" class=\"wp-image-3588\" srcset=\"https:\/\/www.monvillage.cafe\/saintmartinsurecaillon\/wp-content\/uploads\/sites\/2\/2022\/01\/smse12.jpg 868w, https:\/\/www.monvillage.cafe\/saintmartinsurecaillon\/wp-content\/uploads\/sites\/2\/2022\/01\/smse12-480x335.jpg 480w\" sizes=\"(min-width: 0px) and (max-width: 480px) 480px, (min-width: 481px) 868px, 100vw\" \/><\/figure>\n<p>&nbsp;<\/p>\n<p><!-- \/divi:image --><\/p>\n<p>&nbsp;<\/p>\n<p><!-- divi:paragraph --><\/p>\n<p>En sortant de l\u2019\u00e9glise, apr\u00e8s la descente de sa rue, une jolie balade d\u00e9bute en tournant \u00e0 droite, rue Pasteur. \u00c0 environ 200\u00a0m\u00e8tres sur la droite, juste \u00e0 l\u2019angle d\u2019une grande ferme et ancienne brasserie, il convient de tourner encore \u00e0 droite, rue Notre-Dame. Tr\u00e8s vite, cette art\u00e8re se transforme en chemin \u00e0 travers champs. Au fur et \u00e0 mesure de la progression, le clocheton de la chapelle Notre-Dame de l\u2019Assomption appara\u00eet. Construite \u00e0 la fin du XIXe \u00a0si\u00e8cle sur le point culminant du village, de forme cylindrique et d\u2019une belle hauteur avec une niche abritant une statue, \u00ab\u00a0<em>elle est assez unique\u00a0\u00a0<\/em>\u00bb, explique Francis Bayac. La vue offre un panorama \u00e0 360\u00b0 d\u2019une port\u00e9e de 30\u00a0km.<\/p>\n<p>&nbsp;<\/p>\n<p><!-- \/divi:paragraph --><\/p>\n<p>&nbsp;<\/p>\n<p><!-- divi:quote --><\/p>\n<blockquote class=\"wp-block-quote\">\n<p><strong><em>Construite \u00e0 la fin du XIXe si\u00e8cle, la chapelle Notre-Dame de l\u2019Assomption, de forme cylindrique et d\u2019une belle hauteur, compte une niche abritant une statue.<\/em><\/strong><\/p>\n<\/blockquote>\n<p>&nbsp;<\/p>\n<p><!-- \/divi:quote --><\/p>\n<p>&nbsp;<\/p>\n<p><!-- divi:image {\"id\":3589,\"sizeSlug\":\"full\",\"linkDestination\":\"none\"} --><\/p>\n<figure class=\"wp-block-image size-full\"><img loading=\"lazy\" decoding=\"async\" width=\"868\" height=\"632\" src=\"https:\/\/www.monvillage.cafe\/saintmartinsurecaillon\/wp-content\/uploads\/sites\/2\/2022\/01\/smse13.jpg\" alt=\"\" class=\"wp-image-3589\" srcset=\"https:\/\/www.monvillage.cafe\/saintmartinsurecaillon\/wp-content\/uploads\/sites\/2\/2022\/01\/smse13.jpg 868w, https:\/\/www.monvillage.cafe\/saintmartinsurecaillon\/wp-content\/uploads\/sites\/2\/2022\/01\/smse13-480x349.jpg 480w\" sizes=\"(min-width: 0px) and (max-width: 480px) 480px, (min-width: 481px) 868px, 100vw\" \/><\/figure>\n<p>&nbsp;<\/p>\n<p><!-- \/divi:image --><\/p>\n<p>&nbsp;<\/p>\n<p><!-- divi:paragraph --><\/p>\n<p>La promenade se poursuit sur la droite en direction de l\u2019\u00c9pinette. Au premier carrefour, il convient de prendre la rue Villars, toujours sur la droite, afin de rejoindre le c\u0153ur du village et la rue Anatole-France. Sur cette voie, il faut marcher prudemment sur le bord de la route o\u00f9 le passage de voitures est fr\u00e9quent. \u00c0 mi-chemin, sur la gauche, au bord de la chauss\u00e9e, un autre \u00e9difice du patrimoine local croise notre regard\u00a0: la chapelle Sainte-Philom\u00e8ne sur laquelle l\u2019association Autour du clocher de Saint-Martin va porter prochainement son attention.<\/p>\n<p>&nbsp;<\/p>\n<p><!-- \/divi:paragraph --><\/p>\n<p>&nbsp;<\/p>\n<p><!-- divi:image {\"id\":3590,\"sizeSlug\":\"full\",\"linkDestination\":\"none\"} --><\/p>\n<figure class=\"wp-block-image size-full\"><img loading=\"lazy\" decoding=\"async\" width=\"868\" height=\"611\" src=\"https:\/\/www.monvillage.cafe\/saintmartinsurecaillon\/wp-content\/uploads\/sites\/2\/2022\/01\/smse14.jpg\" alt=\"\" class=\"wp-image-3590\" srcset=\"https:\/\/www.monvillage.cafe\/saintmartinsurecaillon\/wp-content\/uploads\/sites\/2\/2022\/01\/smse14.jpg 868w, https:\/\/www.monvillage.cafe\/saintmartinsurecaillon\/wp-content\/uploads\/sites\/2\/2022\/01\/smse14-480x338.jpg 480w\" sizes=\"(min-width: 0px) and (max-width: 480px) 480px, (min-width: 481px) 868px, 100vw\" \/><\/figure>\n<p>&nbsp;<\/p>\n<p><!-- \/divi:image --><\/p>\n<p>&nbsp;<\/p>\n<p><!-- divi:separator {\"color\":\"vivid-red\"} --><\/p>\n<hr class=\"wp-block-separator has-text-color has-background has-vivid-red-background-color has-vivid-red-color\" \/>\n<p>&nbsp;<\/p>\n<p><!-- \/divi:separator --><\/p>\n<p>&nbsp;<\/p>\n<p><!-- divi:heading --><\/p>\n<h2>Pratique<\/h2>\n<p>&nbsp;<\/p>\n<p><!-- \/divi:heading --><\/p>\n<p>&nbsp;<\/p>\n<p><!-- divi:heading --><\/p>\n<h2>Y aller<\/h2>\n<p>&nbsp;<\/p>\n<p><!-- \/divi:heading --><\/p>\n<p>&nbsp;<\/p>\n<p><!-- divi:paragraph --><\/p>\n<p>Village d\u2019environ 500\u00a0habitants, Saint-Martin-sur-\u00c9caillon se trouve \u00e0 24\u00a0km au nord de Cambrai et \u00e0 14\u00a0km au sud de Valenciennes. Le stationnement est gratuit sur l\u2019ensemble de la localit\u00e9.<\/p>\n<p>&nbsp;<\/p>\n<p><!-- \/divi:paragraph --><\/p>\n<p>&nbsp;<\/p>\n<p><!-- divi:heading --><\/p>\n<h2>\u00c0 voir \u00e9galement<\/h2>\n<p>&nbsp;<\/p>\n<p><!-- \/divi:heading --><\/p>\n<p>&nbsp;<\/p>\n<p><!-- divi:paragraph --><\/p>\n<p>Les amoureux de la nature seront s\u00e9duits par l\u2019environnement offert par la localit\u00e9 o\u00f9 les sentiers de randonn\u00e9e balis\u00e9s permettent une belle exploration du territoire de la vall\u00e9e de l\u2019\u00c9caillon. Les plus joueurs se lanceront dans un geocaching \u00e0 cheval dans la localit\u00e9 et celle, voisine, de Bermerain. Les amateurs d\u2019art int\u00e9greront dans leur journ\u00e9e une visite du\u00a0<a href=\"https:\/\/museematisse.fr\/\" target=\"_blank\" rel=\"noreferrer noopener\">mus\u00e9e Matisse au Cateau-Cambr\u00e9sis<\/a>, \u00e0 une quinzaine de kilom\u00e8tres au sud.<\/p>\n<p>&nbsp;<\/p>\n<p><!-- \/divi:paragraph --><\/p>\n<p>&nbsp;<\/p>\n<p><!-- divi:heading --><\/p>\n<h2>Pour se ressourcer<\/h2>\n<p>&nbsp;<\/p>\n<p><!-- \/divi:heading --><\/p>\n<p>&nbsp;<\/p>\n<p><!-- divi:paragraph --><\/p>\n<p>\u00c0 Court-\u00e0-Rieux, un lieu-dit de la commune \u00e0 2\u00a0km du bourg, une ferme abbatiale du XVIIIe \u00a0si\u00e8cle toujours en activit\u00e9 avec \u00e9table robotis\u00e9e, en pleine nature. Ses g\u00eetes de prestige, chambre d\u2019h\u00f4te de charme et caravane vintage permettent une pause dans un endroit o\u00f9 le temps semble s\u2019\u00eatre arr\u00eat\u00e9.\u00a0<a href=\"http:\/\/www.laroselaitiere.com\/\" target=\"_blank\" rel=\"noreferrer noopener\">laroselaitiere.com<\/a><\/p>\n<p>&nbsp;<\/p>\n<p><!-- \/divi:paragraph -->[\/et_pb_text][et_pb_gallery _builder_version=\u00a0\u00bb4.14.5&Prime; _module_preset=\u00a0\u00bbdefault\u00a0\u00bb gallery_ids=\u00a0\u00bb3577,3578,3579,3580,3581,3582,3583,3584,3585,3586&Prime; hover_enabled=\u00a0\u00bb0&Prime; sticky_enabled=\u00a0\u00bb0&Prime; show_title_and_caption=\u00a0\u00bboff\u00a0\u00bb][\/et_pb_gallery][\/et_pb_column][\/et_pb_row][\/et_pb_section]<\/p>\n","protected":false},"excerpt":{"rendered":"<p>Source : https:\/\/www.lavoixdunord.fr\/1130438\/article\/2022-01-22\/au-coeur-de-la-vallee-de-l-ecaillon-le-charmant-village-de-saint-martin &nbsp; &nbsp; Travers\u00e9 par Les Harpies, affluent de l\u2019\u00c9caillon et sous-affluent de l\u2019Escaut, Saint-Martin-sur-\u00c9caillon, joli village verdoyant aux maisons caract\u00e9ristiques de briques et de gr\u00e8s, r\u00e9v\u00e8le ses atouts, \u00e0 d\u00e9couvrir lors d\u2019une promenade allant du clocher aux clochetons. &nbsp; &nbsp; B\u00e9rang\u00e8re Flament. Photos Christophe Lefebvre.\u00a0|\u00a0Publi\u00e9 le22\/01\/2022 &nbsp; &nbsp; &nbsp; Nich\u00e9 dans la [&hellip;]<\/p>\n","protected":false},"author":1,"featured_media":0,"comment_status":"closed","ping_status":"open","sticky":false,"template":"","format":"standard","meta":{"_et_pb_use_builder":"on","_et_pb_old_content":"<!-- wp:paragraph -->\n<p>Source : https:\/\/www.lavoixdunord.fr\/1130438\/article\/2022-01-22\/au-coeur-de-la-vallee-de-l-ecaillon-le-charmant-village-de-saint-martin<\/p>\n<!-- \/wp:paragraph -->\n\n<!-- wp:paragraph -->\n<p>Travers\u00e9 par Les Harpies, affluent de l\u2019\u00c9caillon et sous-affluent de l\u2019Escaut, Saint-Martin-sur-\u00c9caillon, joli village verdoyant aux maisons caract\u00e9ristiques de briques et de gr\u00e8s, r\u00e9v\u00e8le ses atouts, \u00e0 d\u00e9couvrir lors d\u2019une promenade allant du clocher aux clochetons.<\/p>\n<!-- \/wp:paragraph -->\n\n<!-- wp:paragraph -->\n<p>B\u00e9rang\u00e8re Flament. Photos Christophe Lefebvre.&nbsp;|&nbsp;Publi\u00e9 le22\/01\/2022<\/p>\n<!-- \/wp:paragraph -->\n\n<!-- wp:gallery {\"ids\":[3577,3578,3579,3580,3581,3582,3583,3584,3585,3586],\"linkTo\":\"none\"} -->\n<figure class=\"wp-block-gallery columns-3 is-cropped\"><ul class=\"blocks-gallery-grid\"><li class=\"blocks-gallery-item\"><figure><img src=\"https:\/\/www.monvillage.cafe\/saintmartinsurecaillon\/wp-content\/uploads\/sites\/2\/2022\/01\/smse1-1.jpg\" alt=\"\" data-id=\"3577\" data-full-url=\"https:\/\/www.monvillage.cafe\/saintmartinsurecaillon\/wp-content\/uploads\/sites\/2\/2022\/01\/smse1-1.jpg\" data-link=\"https:\/\/www.monvillage.cafe\/saintmartinsurecaillon\/?attachment_id=3577\" class=\"wp-image-3577\"\/><\/figure><\/li><li class=\"blocks-gallery-item\"><figure><img src=\"https:\/\/www.monvillage.cafe\/saintmartinsurecaillon\/wp-content\/uploads\/sites\/2\/2022\/01\/smse2.jpg\" alt=\"\" data-id=\"3578\" data-full-url=\"https:\/\/www.monvillage.cafe\/saintmartinsurecaillon\/wp-content\/uploads\/sites\/2\/2022\/01\/smse2.jpg\" data-link=\"https:\/\/www.monvillage.cafe\/saintmartinsurecaillon\/?attachment_id=3578\" class=\"wp-image-3578\"\/><\/figure><\/li><li class=\"blocks-gallery-item\"><figure><img src=\"https:\/\/www.monvillage.cafe\/saintmartinsurecaillon\/wp-content\/uploads\/sites\/2\/2022\/01\/smse3.jpg\" alt=\"\" data-id=\"3579\" data-full-url=\"https:\/\/www.monvillage.cafe\/saintmartinsurecaillon\/wp-content\/uploads\/sites\/2\/2022\/01\/smse3.jpg\" data-link=\"https:\/\/www.monvillage.cafe\/saintmartinsurecaillon\/?attachment_id=3579\" class=\"wp-image-3579\"\/><\/figure><\/li><li class=\"blocks-gallery-item\"><figure><img src=\"https:\/\/www.monvillage.cafe\/saintmartinsurecaillon\/wp-content\/uploads\/sites\/2\/2022\/01\/smse4.jpg\" alt=\"\" data-id=\"3580\" data-full-url=\"https:\/\/www.monvillage.cafe\/saintmartinsurecaillon\/wp-content\/uploads\/sites\/2\/2022\/01\/smse4.jpg\" data-link=\"https:\/\/www.monvillage.cafe\/saintmartinsurecaillon\/?attachment_id=3580\" class=\"wp-image-3580\"\/><\/figure><\/li><li class=\"blocks-gallery-item\"><figure><img src=\"https:\/\/www.monvillage.cafe\/saintmartinsurecaillon\/wp-content\/uploads\/sites\/2\/2022\/01\/smse5.jpg\" alt=\"\" data-id=\"3581\" data-full-url=\"https:\/\/www.monvillage.cafe\/saintmartinsurecaillon\/wp-content\/uploads\/sites\/2\/2022\/01\/smse5.jpg\" data-link=\"https:\/\/www.monvillage.cafe\/saintmartinsurecaillon\/?attachment_id=3581\" class=\"wp-image-3581\"\/><\/figure><\/li><li class=\"blocks-gallery-item\"><figure><img src=\"https:\/\/www.monvillage.cafe\/saintmartinsurecaillon\/wp-content\/uploads\/sites\/2\/2022\/01\/smse6.jpg\" alt=\"\" data-id=\"3582\" data-full-url=\"https:\/\/www.monvillage.cafe\/saintmartinsurecaillon\/wp-content\/uploads\/sites\/2\/2022\/01\/smse6.jpg\" data-link=\"https:\/\/www.monvillage.cafe\/saintmartinsurecaillon\/?attachment_id=3582\" class=\"wp-image-3582\"\/><\/figure><\/li><li class=\"blocks-gallery-item\"><figure><img src=\"https:\/\/www.monvillage.cafe\/saintmartinsurecaillon\/wp-content\/uploads\/sites\/2\/2022\/01\/smse7.jpg\" alt=\"\" data-id=\"3583\" data-full-url=\"https:\/\/www.monvillage.cafe\/saintmartinsurecaillon\/wp-content\/uploads\/sites\/2\/2022\/01\/smse7.jpg\" data-link=\"https:\/\/www.monvillage.cafe\/saintmartinsurecaillon\/?attachment_id=3583\" class=\"wp-image-3583\"\/><\/figure><\/li><li class=\"blocks-gallery-item\"><figure><img src=\"https:\/\/www.monvillage.cafe\/saintmartinsurecaillon\/wp-content\/uploads\/sites\/2\/2022\/01\/smse8.jpg\" alt=\"\" data-id=\"3584\" data-full-url=\"https:\/\/www.monvillage.cafe\/saintmartinsurecaillon\/wp-content\/uploads\/sites\/2\/2022\/01\/smse8.jpg\" data-link=\"https:\/\/www.monvillage.cafe\/saintmartinsurecaillon\/?attachment_id=3584\" class=\"wp-image-3584\"\/><\/figure><\/li><li class=\"blocks-gallery-item\"><figure><img src=\"https:\/\/www.monvillage.cafe\/saintmartinsurecaillon\/wp-content\/uploads\/sites\/2\/2022\/01\/smse9.jpg\" alt=\"\" data-id=\"3585\" data-full-url=\"https:\/\/www.monvillage.cafe\/saintmartinsurecaillon\/wp-content\/uploads\/sites\/2\/2022\/01\/smse9.jpg\" data-link=\"https:\/\/www.monvillage.cafe\/saintmartinsurecaillon\/?attachment_id=3585\" class=\"wp-image-3585\"\/><\/figure><\/li><li class=\"blocks-gallery-item\"><figure><img src=\"https:\/\/www.monvillage.cafe\/saintmartinsurecaillon\/wp-content\/uploads\/sites\/2\/2022\/01\/smse10.jpg\" alt=\"\" data-id=\"3586\" data-full-url=\"https:\/\/www.monvillage.cafe\/saintmartinsurecaillon\/wp-content\/uploads\/sites\/2\/2022\/01\/smse10.jpg\" data-link=\"https:\/\/www.monvillage.cafe\/saintmartinsurecaillon\/?attachment_id=3586\" class=\"wp-image-3586\"\/><\/figure><\/li><\/ul><\/figure>\n<!-- \/wp:gallery -->\n\n<!-- wp:paragraph -->\n<p>Nich\u00e9 dans la vall\u00e9e de l\u2019\u00c9caillon, le village de Saint-Martin-sur-\u00c9caillon est une localit\u00e9 du Cambr\u00e9sis proche du Valenciennois qui ne manque pas de charme. Son \u00e9glise d\u00e9di\u00e9e \u2013&nbsp;bien \u00e9videmment&nbsp;\u2013 \u00e0 saint Martin et construite sur la hauteur de la rue \u00e9ponyme semble veiller sur les habitations en briques dont la plupart sont marqu\u00e9es par une originalit\u00e9 architecturale&nbsp;: leur soubassement a \u00e9t\u00e9 \u00e9lev\u00e9 avec du gr\u00e8s qui \u00e9tait extrait sur le territoire de la commune. Si le gisement est aujourd\u2019hui \u00e9puis\u00e9, il a longtemps \u00e9t\u00e9 source de richesse pour la localit\u00e9.<\/p>\n<!-- \/wp:paragraph -->\n\n<!-- wp:image {\"id\":3587,\"sizeSlug\":\"full\",\"linkDestination\":\"none\"} -->\n<figure class=\"wp-block-image size-full\"><img src=\"https:\/\/www.monvillage.cafe\/saintmartinsurecaillon\/wp-content\/uploads\/sites\/2\/2022\/01\/smse11.jpg\" alt=\"\" class=\"wp-image-3587\"\/><\/figure>\n<!-- \/wp:image -->\n\n<!-- wp:paragraph -->\n<p>Francis Blayac, pr\u00e9sident de l\u2019association Autour du clocher de Saint-Martin, ouvre chaque jour l\u2019\u00e9glise, du matin au soir, \u00ab&nbsp;<em>pour permettre d\u2019y venir \u00e0 tout moment&nbsp;&nbsp;<\/em>\u00bb. La fr\u00e9quence des visites est al\u00e9atoire&nbsp;: \u00ab&nbsp;<em>La semaine derni\u00e8re, six bougies ont \u00e9t\u00e9 allum\u00e9es\u2026&nbsp;&nbsp;<\/em>\u00bb, compte-t-il. Le lieu est d\u2019une grande clart\u00e9 gr\u00e2ce \u00e0 des vitraux enti\u00e8rement transparents except\u00e9 celui dont le m\u00e9daillon repr\u00e9sente saint Martin.<\/p>\n<!-- \/wp:paragraph -->\n\n<!-- wp:heading -->\n<h2>Un panorama d\u2019une port\u00e9e de 30 km<\/h2>\n<!-- \/wp:heading -->\n\n<!-- wp:image {\"id\":3588,\"sizeSlug\":\"full\",\"linkDestination\":\"none\"} -->\n<figure class=\"wp-block-image size-full\"><img src=\"https:\/\/www.monvillage.cafe\/saintmartinsurecaillon\/wp-content\/uploads\/sites\/2\/2022\/01\/smse12.jpg\" alt=\"\" class=\"wp-image-3588\"\/><\/figure>\n<!-- \/wp:image -->\n\n<!-- wp:paragraph -->\n<p>En sortant de l\u2019\u00e9glise, apr\u00e8s la descente de sa rue, une jolie balade d\u00e9bute en tournant \u00e0 droite, rue Pasteur. \u00c0 environ 200&nbsp;m\u00e8tres sur la droite, juste \u00e0 l\u2019angle d\u2019une grande ferme et ancienne brasserie, il convient de tourner encore \u00e0 droite, rue Notre-Dame. Tr\u00e8s vite, cette art\u00e8re se transforme en chemin \u00e0 travers champs. Au fur et \u00e0 mesure de la progression, le clocheton de la chapelle Notre-Dame de l\u2019Assomption appara\u00eet. Construite \u00e0 la fin du XIXe &nbsp;si\u00e8cle sur le point culminant du village, de forme cylindrique et d\u2019une belle hauteur avec une niche abritant une statue, \u00ab&nbsp;<em>elle est assez unique&nbsp;&nbsp;<\/em>\u00bb, explique Francis Bayac. La vue offre un panorama \u00e0 360\u00b0 d\u2019une port\u00e9e de 30&nbsp;km.<\/p>\n<!-- \/wp:paragraph -->\n\n<!-- wp:quote -->\n<blockquote class=\"wp-block-quote\"><p><strong><em>Construite \u00e0 la fin du XIXe si\u00e8cle, la chapelle Notre-Dame de l\u2019Assomption, de forme cylindrique et d\u2019une belle hauteur, compte une niche abritant une statue.<\/em><\/strong><\/p><\/blockquote>\n<!-- \/wp:quote -->\n\n<!-- wp:image {\"id\":3589,\"sizeSlug\":\"full\",\"linkDestination\":\"none\"} -->\n<figure class=\"wp-block-image size-full\"><img src=\"https:\/\/www.monvillage.cafe\/saintmartinsurecaillon\/wp-content\/uploads\/sites\/2\/2022\/01\/smse13.jpg\" alt=\"\" class=\"wp-image-3589\"\/><\/figure>\n<!-- \/wp:image -->\n\n<!-- wp:paragraph -->\n<p>La promenade se poursuit sur la droite en direction de l\u2019\u00c9pinette. Au premier carrefour, il convient de prendre la rue Villars, toujours sur la droite, afin de rejoindre le c\u0153ur du village et la rue Anatole-France. Sur cette voie, il faut marcher prudemment sur le bord de la route o\u00f9 le passage de voitures est fr\u00e9quent. \u00c0 mi-chemin, sur la gauche, au bord de la chauss\u00e9e, un autre \u00e9difice du patrimoine local croise notre regard&nbsp;: la chapelle Sainte-Philom\u00e8ne sur laquelle l\u2019association Autour du clocher de Saint-Martin va porter prochainement son attention.<\/p>\n<!-- \/wp:paragraph -->\n\n<!-- wp:image {\"id\":3590,\"sizeSlug\":\"full\",\"linkDestination\":\"none\"} -->\n<figure class=\"wp-block-image size-full\"><img src=\"https:\/\/www.monvillage.cafe\/saintmartinsurecaillon\/wp-content\/uploads\/sites\/2\/2022\/01\/smse14.jpg\" alt=\"\" class=\"wp-image-3590\"\/><\/figure>\n<!-- \/wp:image -->\n\n<!-- wp:separator {\"color\":\"vivid-red\"} -->\n<hr class=\"wp-block-separator has-text-color has-background has-vivid-red-background-color has-vivid-red-color\"\/>\n<!-- \/wp:separator -->\n\n<!-- wp:heading -->\n<h2>Pratique<\/h2>\n<!-- \/wp:heading -->\n\n<!-- wp:heading -->\n<h2>Y aller<\/h2>\n<!-- \/wp:heading -->\n\n<!-- wp:paragraph -->\n<p>Village d\u2019environ 500&nbsp;habitants, Saint-Martin-sur-\u00c9caillon se trouve \u00e0 24&nbsp;km au nord de Cambrai et \u00e0 14&nbsp;km au sud de Valenciennes. Le stationnement est gratuit sur l\u2019ensemble de la localit\u00e9.<\/p>\n<!-- \/wp:paragraph -->\n\n<!-- wp:heading -->\n<h2>\u00c0 voir \u00e9galement<\/h2>\n<!-- \/wp:heading -->\n\n<!-- wp:paragraph -->\n<p>Les amoureux de la nature seront s\u00e9duits par l\u2019environnement offert par la localit\u00e9 o\u00f9 les sentiers de randonn\u00e9e balis\u00e9s permettent une belle exploration du territoire de la vall\u00e9e de l\u2019\u00c9caillon. Les plus joueurs se lanceront dans un geocaching \u00e0 cheval dans la localit\u00e9 et celle, voisine, de Bermerain. Les amateurs d\u2019art int\u00e9greront dans leur journ\u00e9e une visite du&nbsp;<a href=\"https:\/\/museematisse.fr\/\" target=\"_blank\" rel=\"noreferrer noopener\">mus\u00e9e Matisse au Cateau-Cambr\u00e9sis<\/a>, \u00e0 une quinzaine de kilom\u00e8tres au sud.<\/p>\n<!-- \/wp:paragraph -->\n\n<!-- wp:heading -->\n<h2>Pour se ressourcer<\/h2>\n<!-- \/wp:heading -->\n\n<!-- wp:paragraph -->\n<p>\u00c0 Court-\u00e0-Rieux, un lieu-dit de la commune \u00e0 2&nbsp;km du bourg, une ferme abbatiale du XVIIIe &nbsp;si\u00e8cle toujours en activit\u00e9 avec \u00e9table robotis\u00e9e, en pleine nature. Ses g\u00eetes de prestige, chambre d\u2019h\u00f4te de charme et caravane vintage permettent une pause dans un endroit o\u00f9 le temps semble s\u2019\u00eatre arr\u00eat\u00e9.&nbsp;<a href=\"http:\/\/www.laroselaitiere.com\/\" target=\"_blank\" rel=\"noreferrer noopener\">laroselaitiere.com<\/a><\/p>\n<!-- \/wp:paragraph -->","_et_gb_content_width":"","footnotes":""},"categories":[4,33,38,16],"tags":[434,433,432,79],"class_list":["post-3575","post","type-post","status-publish","format-standard","hentry","category-divers","category-patrimoine","category-vie-associative","category-votre-village","tag-autour-du-clocher","tag-francis-blayac","tag-la-voix-du-nord","tag-lavoixdunord"],"_links":{"self":[{"href":"https:\/\/www.monvillage.cafe\/saintmartinsurecaillon\/wp-json\/wp\/v2\/posts\/3575","targetHints":{"allow":["GET"]}}],"collection":[{"href":"https:\/\/www.monvillage.cafe\/saintmartinsurecaillon\/wp-json\/wp\/v2\/posts"}],"about":[{"href":"https:\/\/www.monvillage.cafe\/saintmartinsurecaillon\/wp-json\/wp\/v2\/types\/post"}],"author":[{"embeddable":true,"href":"https:\/\/www.monvillage.cafe\/saintmartinsurecaillon\/wp-json\/wp\/v2\/users\/1"}],"replies":[{"embeddable":true,"href":"https:\/\/www.monvillage.cafe\/saintmartinsurecaillon\/wp-json\/wp\/v2\/comments?post=3575"}],"version-history":[{"count":4,"href":"https:\/\/www.monvillage.cafe\/saintmartinsurecaillon\/wp-json\/wp\/v2\/posts\/3575\/revisions"}],"predecessor-version":[{"id":3596,"href":"https:\/\/www.monvillage.cafe\/saintmartinsurecaillon\/wp-json\/wp\/v2\/posts\/3575\/revisions\/3596"}],"wp:attachment":[{"href":"https:\/\/www.monvillage.cafe\/saintmartinsurecaillon\/wp-json\/wp\/v2\/media?parent=3575"}],"wp:term":[{"taxonomy":"category","embeddable":true,"href":"https:\/\/www.monvillage.cafe\/saintmartinsurecaillon\/wp-json\/wp\/v2\/categories?post=3575"},{"taxonomy":"post_tag","embeddable":true,"href":"https:\/\/www.monvillage.cafe\/saintmartinsurecaillon\/wp-json\/wp\/v2\/tags?post=3575"}],"curies":[{"name":"wp","href":"https:\/\/api.w.org\/{rel}","templated":true}]}}