{"id":3566,"date":"2022-01-25T09:37:10","date_gmt":"2022-01-25T08:37:10","guid":{"rendered":"https:\/\/www.monvillage.cafe\/saintmartinsurecaillon\/?p=3566"},"modified":"2022-01-25T09:37:11","modified_gmt":"2022-01-25T08:37:11","slug":"peste-porcine-africaine-mesures-renforcees-de-surveillance-et-de-controle","status":"publish","type":"post","link":"https:\/\/www.monvillage.cafe\/saintmartinsurecaillon\/peste-porcine-africaine-mesures-renforcees-de-surveillance-et-de-controle\/","title":{"rendered":"Peste porcine africaine &#8211; Mesures renforc\u00e9es de surveillance et de contr\u00f4le"},"content":{"rendered":"\n<p>Plusieurs cas de peste porcine africaine ont r\u00e9cemment \u00e9t\u00e9 confirm\u00e9s en Italie sur des sangliers morts \u00e0 proximit\u00e9 de la fronti\u00e8re fran\u00e7aise.<\/p>\n\n\n\n<p>D\u00e8s lors, et dans le cadre de la vigilance vis \u00e0 vis du risque d&rsquo;introduction du virus de la peste porcine africaine qui s\u00e9vit actuellement dans plusieurs pays d&rsquo;Europe, des mesures renforc\u00e9es de surveillance et de contr\u00f4le ont \u00e9t\u00e9 d\u00e9cid\u00e9es.<\/p>\n\n\n\n<p>Vous trouverez en pi\u00e8ces jointes un ensemble de documents qui peuvent utilement \u00eatre communiqu\u00e9s \u00e0 l&rsquo;ensemble de vos administr\u00e9s.<\/p>\n\n\n\n<p>Le service Sant\u00e9 et protection animales et de l&rsquo;environnement de la DDPP reste \u00e0 votre disposition pour tout renseignement compl\u00e9mentaire<\/p>\n\n\n\n<hr class=\"wp-block-separator has-text-color has-background has-vivid-red-background-color has-vivid-red-color\"\/>\n\n\n\n<figure class=\"wp-block-image size-large is-resized\"><img loading=\"lazy\" decoding=\"async\" src=\"https:\/\/www.monvillage.cafe\/saintmartinsurecaillon\/wp-content\/uploads\/sites\/2\/2022\/01\/220120-2-2110_ppa_infeleveurs_maa-576x1024.png\" alt=\"\" class=\"wp-image-3567\" width=\"811\" height=\"1442\"\/><\/figure>\n\n\n\n<figure class=\"wp-block-image size-large is-resized\"><a href=\"https:\/\/www.monvillage.cafe\/saintmartinsurecaillon\/wp-content\/uploads\/sites\/2\/2022\/01\/220120-1-1809_PPA_detenteur_France_A4_cle8779ce.pdf\" target=\"_blank\" rel=\"noopener\"><img loading=\"lazy\" decoding=\"async\" src=\"https:\/\/www.monvillage.cafe\/saintmartinsurecaillon\/wp-content\/uploads\/sites\/2\/2022\/01\/detenteur-porc-744x1024.jpg\" alt=\"\" class=\"wp-image-3568\" width=\"819\" height=\"1127\"\/><\/a><\/figure>\n\n\n\n<figure class=\"wp-block-image size-large is-resized\"><a href=\"https:\/\/www.monvillage.cafe\/saintmartinsurecaillon\/wp-content\/uploads\/sites\/2\/2022\/01\/220120-3-2007_ppa_affvoyageurs_maa.pdf\" target=\"_blank\" rel=\"noopener\"><img loading=\"lazy\" decoding=\"async\" src=\"https:\/\/www.monvillage.cafe\/saintmartinsurecaillon\/wp-content\/uploads\/sites\/2\/2022\/01\/voyageur-porc-744x1024.jpg\" alt=\"\" class=\"wp-image-3569\" width=\"821\" height=\"1130\"\/><\/a><\/figure>\n\n\n\n<figure class=\"wp-block-image size-large is-resized\"><a href=\"https:\/\/www.monvillage.cafe\/saintmartinsurecaillon\/wp-content\/uploads\/sites\/2\/2022\/01\/220120-4-2007_ppa_affchasseurs_maa.pdf\" target=\"_blank\" rel=\"noopener\"><img loading=\"lazy\" decoding=\"async\" src=\"https:\/\/www.monvillage.cafe\/saintmartinsurecaillon\/wp-content\/uploads\/sites\/2\/2022\/01\/chasseur-porc-744x1024.jpg\" alt=\"\" class=\"wp-image-3570\" width=\"818\" height=\"1126\"\/><\/a><\/figure>\n\n\n\n<hr class=\"wp-block-separator has-text-color has-background has-vivid-red-background-color has-vivid-red-color\"\/>\n\n\n\n<div class=\"wp-block-file\"><a href=\"https:\/\/www.monvillage.cafe\/saintmartinsurecaillon\/wp-content\/uploads\/sites\/2\/2022\/01\/220120-1-1809_PPA_detenteur_France_A4_cle8779ce.pdf\">220120-1-1809_PPA_detenteur_France_A4_cle8779ce<\/a><a href=\"https:\/\/www.monvillage.cafe\/saintmartinsurecaillon\/wp-content\/uploads\/sites\/2\/2022\/01\/220120-1-1809_PPA_detenteur_France_A4_cle8779ce.pdf\" class=\"wp-block-file__button\" download>T\u00e9l\u00e9charger<\/a><\/div>\n\n\n\n<div class=\"wp-block-file\"><a href=\"https:\/\/www.monvillage.cafe\/saintmartinsurecaillon\/wp-content\/uploads\/sites\/2\/2022\/01\/220120-3-2007_ppa_affvoyageurs_maa.pdf\">220120-3-2007_ppa_affvoyageurs_maa<\/a><a href=\"https:\/\/www.monvillage.cafe\/saintmartinsurecaillon\/wp-content\/uploads\/sites\/2\/2022\/01\/220120-3-2007_ppa_affvoyageurs_maa.pdf\" class=\"wp-block-file__button\" download>T\u00e9l\u00e9charger<\/a><\/div>\n\n\n\n<div class=\"wp-block-file\"><a href=\"https:\/\/www.monvillage.cafe\/saintmartinsurecaillon\/wp-content\/uploads\/sites\/2\/2022\/01\/220120-4-2007_ppa_affchasseurs_maa.pdf\">220120-4-2007_ppa_affchasseurs_maa<\/a><a href=\"https:\/\/www.monvillage.cafe\/saintmartinsurecaillon\/wp-content\/uploads\/sites\/2\/2022\/01\/220120-4-2007_ppa_affchasseurs_maa.pdf\" class=\"wp-block-file__button\" download>T\u00e9l\u00e9charger<\/a><\/div>\n","protected":false},"excerpt":{"rendered":"<p>Plusieurs cas de peste porcine africaine ont r\u00e9cemment \u00e9t\u00e9 confirm\u00e9s en Italie sur des sangliers morts \u00e0 proximit\u00e9 de la fronti\u00e8re fran\u00e7aise. D\u00e8s lors, et dans le cadre de la vigilance vis \u00e0 vis du risque d&rsquo;introduction du virus de la peste porcine africaine qui s\u00e9vit actuellement dans plusieurs pays d&rsquo;Europe, des mesures renforc\u00e9es de [&hellip;]<\/p>\n","protected":false},"author":1,"featured_media":0,"comment_status":"closed","ping_status":"open","sticky":false,"template":"","format":"standard","meta":{"_et_pb_use_builder":"off","_et_pb_old_content":"","_et_gb_content_width":"","footnotes":""},"categories":[4,113,6,9,12],"tags":[221,431,427,429,428,430],"class_list":["post-3566","post","type-post","status-publish","format-standard","hentry","category-divers","category-environnement","category-gestion-de-crise","category-institutionnel","category-sante","tag-chasse","tag-chasseur","tag-peste-porcine-africaine","tag-porc","tag-ppa","tag-sanglier"],"_links":{"self":[{"href":"https:\/\/www.monvillage.cafe\/saintmartinsurecaillon\/wp-json\/wp\/v2\/posts\/3566","targetHints":{"allow":["GET"]}}],"collection":[{"href":"https:\/\/www.monvillage.cafe\/saintmartinsurecaillon\/wp-json\/wp\/v2\/posts"}],"about":[{"href":"https:\/\/www.monvillage.cafe\/saintmartinsurecaillon\/wp-json\/wp\/v2\/types\/post"}],"author":[{"embeddable":true,"href":"https:\/\/www.monvillage.cafe\/saintmartinsurecaillon\/wp-json\/wp\/v2\/users\/1"}],"replies":[{"embeddable":true,"href":"https:\/\/www.monvillage.cafe\/saintmartinsurecaillon\/wp-json\/wp\/v2\/comments?post=3566"}],"version-history":[{"count":1,"href":"https:\/\/www.monvillage.cafe\/saintmartinsurecaillon\/wp-json\/wp\/v2\/posts\/3566\/revisions"}],"predecessor-version":[{"id":3574,"href":"https:\/\/www.monvillage.cafe\/saintmartinsurecaillon\/wp-json\/wp\/v2\/posts\/3566\/revisions\/3574"}],"wp:attachment":[{"href":"https:\/\/www.monvillage.cafe\/saintmartinsurecaillon\/wp-json\/wp\/v2\/media?parent=3566"}],"wp:term":[{"taxonomy":"category","embeddable":true,"href":"https:\/\/www.monvillage.cafe\/saintmartinsurecaillon\/wp-json\/wp\/v2\/categories?post=3566"},{"taxonomy":"post_tag","embeddable":true,"href":"https:\/\/www.monvillage.cafe\/saintmartinsurecaillon\/wp-json\/wp\/v2\/tags?post=3566"}],"curies":[{"name":"wp","href":"https:\/\/api.w.org\/{rel}","templated":true}]}}