{"id":3462,"date":"2021-11-23T12:50:00","date_gmt":"2021-11-23T11:50:00","guid":{"rendered":"https:\/\/www.monvillage.cafe\/saintmartinsurecaillon\/?p=3462"},"modified":"2021-11-24T16:52:36","modified_gmt":"2021-11-24T15:52:36","slug":"mouvement-social","status":"publish","type":"post","link":"https:\/\/www.monvillage.cafe\/saintmartinsurecaillon\/mouvement-social\/","title":{"rendered":"Mouvement social"},"content":{"rendered":"\n<p>[INFO VOYAGEUR &#8211; MOUVEMENT SOCIAL]<\/p>\n\n\n\n<p>En raison d&rsquo;un mouvement social pr\u00e9vu mercredi 24 novembre, le r\u00e9seau Arc-en-Ciel sera perturb\u00e9 (p\u00e9rim\u00e8tre du Cambr\u00e9sis &#8211; Pays Solesmois)<\/p>\n\n\n\n<p><strong>Aucun service ne sera assur\u00e9 sur les lignes r\u00e9guli\u00e8res ainsi que sur les services scolaires de la ligne 811.<\/strong><\/p>\n","protected":false},"excerpt":{"rendered":"<p>[INFO VOYAGEUR &#8211; MOUVEMENT SOCIAL] En raison d&rsquo;un mouvement social pr\u00e9vu mercredi 24 novembre, le r\u00e9seau Arc-en-Ciel sera perturb\u00e9 (p\u00e9rim\u00e8tre du Cambr\u00e9sis &#8211; Pays Solesmois) Aucun service ne sera assur\u00e9 sur les lignes r\u00e9guli\u00e8res ainsi que sur les services scolaires de la ligne 811.<\/p>\n","protected":false},"author":1,"featured_media":0,"comment_status":"closed","ping_status":"open","sticky":false,"template":"","format":"standard","meta":{"_et_pb_use_builder":"off","_et_pb_old_content":"","_et_gb_content_width":"","footnotes":""},"categories":[4,14],"tags":[119,120,408,117],"class_list":["post-3462","post","type-post","status-publish","format-standard","hentry","category-divers","category-transport","tag-bus","tag-bus-scolaire","tag-mouvement-social","tag-reseau-arc-en-ciel"],"_links":{"self":[{"href":"https:\/\/www.monvillage.cafe\/saintmartinsurecaillon\/wp-json\/wp\/v2\/posts\/3462","targetHints":{"allow":["GET"]}}],"collection":[{"href":"https:\/\/www.monvillage.cafe\/saintmartinsurecaillon\/wp-json\/wp\/v2\/posts"}],"about":[{"href":"https:\/\/www.monvillage.cafe\/saintmartinsurecaillon\/wp-json\/wp\/v2\/types\/post"}],"author":[{"embeddable":true,"href":"https:\/\/www.monvillage.cafe\/saintmartinsurecaillon\/wp-json\/wp\/v2\/users\/1"}],"replies":[{"embeddable":true,"href":"https:\/\/www.monvillage.cafe\/saintmartinsurecaillon\/wp-json\/wp\/v2\/comments?post=3462"}],"version-history":[{"count":1,"href":"https:\/\/www.monvillage.cafe\/saintmartinsurecaillon\/wp-json\/wp\/v2\/posts\/3462\/revisions"}],"predecessor-version":[{"id":3463,"href":"https:\/\/www.monvillage.cafe\/saintmartinsurecaillon\/wp-json\/wp\/v2\/posts\/3462\/revisions\/3463"}],"wp:attachment":[{"href":"https:\/\/www.monvillage.cafe\/saintmartinsurecaillon\/wp-json\/wp\/v2\/media?parent=3462"}],"wp:term":[{"taxonomy":"category","embeddable":true,"href":"https:\/\/www.monvillage.cafe\/saintmartinsurecaillon\/wp-json\/wp\/v2\/categories?post=3462"},{"taxonomy":"post_tag","embeddable":true,"href":"https:\/\/www.monvillage.cafe\/saintmartinsurecaillon\/wp-json\/wp\/v2\/tags?post=3462"}],"curies":[{"name":"wp","href":"https:\/\/api.w.org\/{rel}","templated":true}]}}