{"id":3263,"date":"2021-09-11T17:20:41","date_gmt":"2021-09-11T15:20:41","guid":{"rendered":"https:\/\/www.monvillage.cafe\/saintmartinsurecaillon\/?p=3263"},"modified":"2021-09-11T17:20:42","modified_gmt":"2021-09-11T15:20:42","slug":"arret-de-bus-modifie-en-raison-des-travaux-a-bermerain","status":"publish","type":"post","link":"https:\/\/www.monvillage.cafe\/saintmartinsurecaillon\/arret-de-bus-modifie-en-raison-des-travaux-a-bermerain\/","title":{"rendered":"Arr\u00eat de bus modifi\u00e9 en raison des travaux \u00e0 Bermerain"},"content":{"rendered":"\n<p>Nous vous annoncions<a href=\"https:\/\/www.monvillage.cafe\/saintmartinsurecaillon\/arrete-circulation-travaux-rue-du-miroir-bermerain\/\" target=\"_blank\" rel=\"noreferrer noopener\"> le 8 septembre dernier<\/a> des travaux \u00e0 Bermerain, rue du Miroir. Ces travaux modifient temporairement les arr\u00eates de bus de Saint Martin sur Ecaillon. L&rsquo;arr\u00eat Place de la Victoire est donc transf\u00e9r\u00e9 \u00e0 l&rsquo;arr\u00eat Mortier-Fondu \u00e0 Bermerain.<\/p>\n\n\n\n<figure class=\"wp-block-image size-large\"><img loading=\"lazy\" decoding=\"async\" width=\"1024\" height=\"738\" src=\"https:\/\/www.monvillage.cafe\/saintmartinsurecaillon\/wp-content\/uploads\/sites\/2\/2021\/09\/bus-travaux-bermerain-1024x738.jpg\" alt=\"\" class=\"wp-image-3264\" srcset=\"https:\/\/www.monvillage.cafe\/saintmartinsurecaillon\/wp-content\/uploads\/sites\/2\/2021\/09\/bus-travaux-bermerain-980x706.jpg 980w, https:\/\/www.monvillage.cafe\/saintmartinsurecaillon\/wp-content\/uploads\/sites\/2\/2021\/09\/bus-travaux-bermerain-480x346.jpg 480w\" sizes=\"(min-width: 0px) and (max-width: 480px) 480px, (min-width: 481px) and (max-width: 980px) 980px, (min-width: 981px) 1024px, 100vw\" \/><\/figure>\n\n\n\n<hr class=\"wp-block-separator has-text-color has-background has-vivid-red-background-color has-vivid-red-color is-style-wide\"\/>\n\n\n\n<div class=\"wp-block-file\"><a href=\"https:\/\/www.monvillage.cafe\/saintmartinsurecaillon\/wp-content\/uploads\/sites\/2\/2021\/09\/1.-TRAVAUX-BERMERAIN.pdf\">1.-TRAVAUX-BERMERAIN<\/a><a href=\"https:\/\/www.monvillage.cafe\/saintmartinsurecaillon\/wp-content\/uploads\/sites\/2\/2021\/09\/1.-TRAVAUX-BERMERAIN.pdf\" class=\"wp-block-file__button\" download>T\u00e9l\u00e9charger<\/a><\/div>\n","protected":false},"excerpt":{"rendered":"<p>Nous vous annoncions le 8 septembre dernier des travaux \u00e0 Bermerain, rue du Miroir. Ces travaux modifient temporairement les arr\u00eates de bus de Saint Martin sur Ecaillon. L&rsquo;arr\u00eat Place de la Victoire est donc transf\u00e9r\u00e9 \u00e0 l&rsquo;arr\u00eat Mortier-Fondu \u00e0 Bermerain.<\/p>\n","protected":false},"author":1,"featured_media":0,"comment_status":"closed","ping_status":"open","sticky":false,"template":"","format":"standard","meta":{"_et_pb_use_builder":"off","_et_pb_old_content":"","_et_gb_content_width":"","footnotes":""},"categories":[4,14],"tags":[119,120,117],"class_list":["post-3263","post","type-post","status-publish","format-standard","hentry","category-divers","category-transport","tag-bus","tag-bus-scolaire","tag-reseau-arc-en-ciel"],"_links":{"self":[{"href":"https:\/\/www.monvillage.cafe\/saintmartinsurecaillon\/wp-json\/wp\/v2\/posts\/3263","targetHints":{"allow":["GET"]}}],"collection":[{"href":"https:\/\/www.monvillage.cafe\/saintmartinsurecaillon\/wp-json\/wp\/v2\/posts"}],"about":[{"href":"https:\/\/www.monvillage.cafe\/saintmartinsurecaillon\/wp-json\/wp\/v2\/types\/post"}],"author":[{"embeddable":true,"href":"https:\/\/www.monvillage.cafe\/saintmartinsurecaillon\/wp-json\/wp\/v2\/users\/1"}],"replies":[{"embeddable":true,"href":"https:\/\/www.monvillage.cafe\/saintmartinsurecaillon\/wp-json\/wp\/v2\/comments?post=3263"}],"version-history":[{"count":1,"href":"https:\/\/www.monvillage.cafe\/saintmartinsurecaillon\/wp-json\/wp\/v2\/posts\/3263\/revisions"}],"predecessor-version":[{"id":3266,"href":"https:\/\/www.monvillage.cafe\/saintmartinsurecaillon\/wp-json\/wp\/v2\/posts\/3263\/revisions\/3266"}],"wp:attachment":[{"href":"https:\/\/www.monvillage.cafe\/saintmartinsurecaillon\/wp-json\/wp\/v2\/media?parent=3263"}],"wp:term":[{"taxonomy":"category","embeddable":true,"href":"https:\/\/www.monvillage.cafe\/saintmartinsurecaillon\/wp-json\/wp\/v2\/categories?post=3263"},{"taxonomy":"post_tag","embeddable":true,"href":"https:\/\/www.monvillage.cafe\/saintmartinsurecaillon\/wp-json\/wp\/v2\/tags?post=3263"}],"curies":[{"name":"wp","href":"https:\/\/api.w.org\/{rel}","templated":true}]}}