{"id":3211,"date":"2021-09-02T09:39:32","date_gmt":"2021-09-02T07:39:32","guid":{"rendered":"https:\/\/www.monvillage.cafe\/saintmartinsurecaillon\/?p=3211"},"modified":"2021-09-02T09:39:34","modified_gmt":"2021-09-02T07:39:34","slug":"reseau-arc-en-ciel-vos-lignes-changent-de-numeros","status":"publish","type":"post","link":"https:\/\/www.monvillage.cafe\/saintmartinsurecaillon\/reseau-arc-en-ciel-vos-lignes-changent-de-numeros\/","title":{"rendered":"R\u00e9seau Arc-en-Ciel : Vos lignes changent de num\u00e9ros"},"content":{"rendered":"\n<h2 class=\"wp-block-heading\">Vos lignes changent de num\u00e9ros !<\/h2>\n\n\n\n<figure class=\"wp-block-image size-full\"><img loading=\"lazy\" decoding=\"async\" width=\"814\" height=\"167\" src=\"https:\/\/www.monvillage.cafe\/saintmartinsurecaillon\/wp-content\/uploads\/sites\/2\/2021\/09\/arc-en-ciel.jpg\" alt=\"\" class=\"wp-image-3214\" srcset=\"https:\/\/www.monvillage.cafe\/saintmartinsurecaillon\/wp-content\/uploads\/sites\/2\/2021\/09\/arc-en-ciel.jpg 814w, https:\/\/www.monvillage.cafe\/saintmartinsurecaillon\/wp-content\/uploads\/sites\/2\/2021\/09\/arc-en-ciel-480x98.jpg 480w\" sizes=\"(min-width: 0px) and (max-width: 480px) 480px, (min-width: 481px) 814px, 100vw\" \/><\/figure>\n\n\n\n<p><br>Cher(e)s abonn\u00e9(e)s,<\/p>\n\n\n\n<p>A l\u2019occasion de la prochaine rentr\u00e9e de septembre 2021, le r\u00e9seau Arc en Ciel \u2013 P\u00e9rim\u00e8tres Cambr\u00e9sis-Solesmois &amp; Caudr\u00e9sis-Cat\u00e9sis adopte la nouvelle num\u00e9rotation des lignes r\u00e9gionales.<\/p>\n\n\n\n<p>Cette \u00e9volution garantira :<\/p>\n\n\n\n<p>\u00b7 Une num\u00e9rotation homog\u00e8ne \u00e0 l\u2019\u00e9chelle des 5 d\u00e9partements de la R\u00e9gion Hauts-de-France pour les transports en autocars (lignes interurbaines et scolaires),<\/p>\n\n\n\n<p>\u00b7 Une lisibilit\u00e9 accrue par rapport aux r\u00e9seaux de transports collectifs partenaires.<\/p>\n\n\n\n<p>Cette modification n\u2019a pas d\u2019impact sur l\u2019offre de transport, les arr\u00eats desservis et les horaires de passage des cars. Seuls les num\u00e9ros changent (la lettre S accol\u00e9e \u00e0 certains num\u00e9ros de lignes permettra de mieux identifier les services desservant les \u00e9tablissements scolaires).<\/p>\n\n\n\n<p>\u00c0 bient\u00f4t sur nos lignes !<\/p>\n\n\n\n<p>Votre service client Arc en Ciel<\/p>\n\n\n\n<p><\/p>\n\n\n\n<figure class=\"wp-block-image size-full is-resized\"><img loading=\"lazy\" decoding=\"async\" src=\"https:\/\/www.monvillage.cafe\/saintmartinsurecaillon\/wp-content\/uploads\/sites\/2\/2021\/09\/cambresis-solesmois.png\" alt=\"\" class=\"wp-image-3212\" width=\"818\" height=\"602\" srcset=\"https:\/\/www.monvillage.cafe\/saintmartinsurecaillon\/wp-content\/uploads\/sites\/2\/2021\/09\/cambresis-solesmois.png 818w, https:\/\/www.monvillage.cafe\/saintmartinsurecaillon\/wp-content\/uploads\/sites\/2\/2021\/09\/cambresis-solesmois-480x353.png 480w\" sizes=\"(min-width: 0px) and (max-width: 480px) 480px, (min-width: 481px) 818px, 100vw\" \/><\/figure>\n\n\n\n<figure class=\"wp-block-image size-full is-resized\"><img loading=\"lazy\" decoding=\"async\" src=\"https:\/\/www.monvillage.cafe\/saintmartinsurecaillon\/wp-content\/uploads\/sites\/2\/2021\/09\/caudresis-catesis.png\" alt=\"\" class=\"wp-image-3213\" width=\"816\" height=\"251\" srcset=\"https:\/\/www.monvillage.cafe\/saintmartinsurecaillon\/wp-content\/uploads\/sites\/2\/2021\/09\/caudresis-catesis.png 816w, https:\/\/www.monvillage.cafe\/saintmartinsurecaillon\/wp-content\/uploads\/sites\/2\/2021\/09\/caudresis-catesis-480x148.png 480w\" sizes=\"(min-width: 0px) and (max-width: 480px) 480px, (min-width: 481px) 816px, 100vw\" \/><\/figure>\n","protected":false},"excerpt":{"rendered":"<p>Vos lignes changent de num\u00e9ros ! Cher(e)s abonn\u00e9(e)s, A l\u2019occasion de la prochaine rentr\u00e9e de septembre 2021, le r\u00e9seau Arc en Ciel \u2013 P\u00e9rim\u00e8tres Cambr\u00e9sis-Solesmois &amp; Caudr\u00e9sis-Cat\u00e9sis adopte la nouvelle num\u00e9rotation des lignes r\u00e9gionales. Cette \u00e9volution garantira : \u00b7 Une num\u00e9rotation homog\u00e8ne \u00e0 l\u2019\u00e9chelle des 5 d\u00e9partements de la R\u00e9gion Hauts-de-France pour les transports en [&hellip;]<\/p>\n","protected":false},"author":1,"featured_media":0,"comment_status":"closed","ping_status":"open","sticky":false,"template":"","format":"standard","meta":{"_et_pb_use_builder":"off","_et_pb_old_content":"","_et_gb_content_width":"","footnotes":""},"categories":[4,14],"tags":[117],"class_list":["post-3211","post","type-post","status-publish","format-standard","hentry","category-divers","category-transport","tag-reseau-arc-en-ciel"],"_links":{"self":[{"href":"https:\/\/www.monvillage.cafe\/saintmartinsurecaillon\/wp-json\/wp\/v2\/posts\/3211","targetHints":{"allow":["GET"]}}],"collection":[{"href":"https:\/\/www.monvillage.cafe\/saintmartinsurecaillon\/wp-json\/wp\/v2\/posts"}],"about":[{"href":"https:\/\/www.monvillage.cafe\/saintmartinsurecaillon\/wp-json\/wp\/v2\/types\/post"}],"author":[{"embeddable":true,"href":"https:\/\/www.monvillage.cafe\/saintmartinsurecaillon\/wp-json\/wp\/v2\/users\/1"}],"replies":[{"embeddable":true,"href":"https:\/\/www.monvillage.cafe\/saintmartinsurecaillon\/wp-json\/wp\/v2\/comments?post=3211"}],"version-history":[{"count":1,"href":"https:\/\/www.monvillage.cafe\/saintmartinsurecaillon\/wp-json\/wp\/v2\/posts\/3211\/revisions"}],"predecessor-version":[{"id":3215,"href":"https:\/\/www.monvillage.cafe\/saintmartinsurecaillon\/wp-json\/wp\/v2\/posts\/3211\/revisions\/3215"}],"wp:attachment":[{"href":"https:\/\/www.monvillage.cafe\/saintmartinsurecaillon\/wp-json\/wp\/v2\/media?parent=3211"}],"wp:term":[{"taxonomy":"category","embeddable":true,"href":"https:\/\/www.monvillage.cafe\/saintmartinsurecaillon\/wp-json\/wp\/v2\/categories?post=3211"},{"taxonomy":"post_tag","embeddable":true,"href":"https:\/\/www.monvillage.cafe\/saintmartinsurecaillon\/wp-json\/wp\/v2\/tags?post=3211"}],"curies":[{"name":"wp","href":"https:\/\/api.w.org\/{rel}","templated":true}]}}