{"id":3176,"date":"2021-08-23T08:40:25","date_gmt":"2021-08-23T06:40:25","guid":{"rendered":"https:\/\/www.monvillage.cafe\/saintmartinsurecaillon\/?p=3176"},"modified":"2021-08-23T08:40:27","modified_gmt":"2021-08-23T06:40:27","slug":"informations-mdn-fin-de-la-jauge-a-50-personnes-et-pass-sanitaire-en-bibliotheque","status":"publish","type":"post","link":"https:\/\/www.monvillage.cafe\/saintmartinsurecaillon\/informations-mdn-fin-de-la-jauge-a-50-personnes-et-pass-sanitaire-en-bibliotheque\/","title":{"rendered":"Informations MdN : Fin de la jauge \u00e0 50 personnes et pass sanitaire en biblioth\u00e8que"},"content":{"rendered":"\n<h2 class=\"wp-block-heading\"><strong>Fin de la jauge \u00e0 50 personnes et pass sanitaire en biblioth\u00e8que<\/strong><\/h2>\n\n\n\n<figure class=\"wp-block-image size-large\"><img loading=\"lazy\" decoding=\"async\" width=\"1024\" height=\"149\" src=\"https:\/\/www.monvillage.cafe\/saintmartinsurecaillon\/wp-content\/uploads\/sites\/2\/2021\/08\/MdN-1024x149.jpg\" alt=\"\" class=\"wp-image-3177\" srcset=\"https:\/\/www.monvillage.cafe\/saintmartinsurecaillon\/wp-content\/uploads\/sites\/2\/2021\/08\/MdN-980x142.jpg 980w, https:\/\/www.monvillage.cafe\/saintmartinsurecaillon\/wp-content\/uploads\/sites\/2\/2021\/08\/MdN-480x70.jpg 480w\" sizes=\"(min-width: 0px) and (max-width: 480px) 480px, (min-width: 481px) and (max-width: 980px) 980px, (min-width: 981px) 1024px, 100vw\" \/><\/figure>\n\n\n\n<p><strong>Le d\u00e9cret 2021-1059 paru le 7 ao\u00fbt 2021\u00a0:<\/strong><\/p>\n\n\n\n<p><br><a rel=\"noreferrer noopener\" href=\"https:\/\/www.legifrance.gouv.fr\/jorf\/id\/JORFTEXT000043915443?init=true&amp;page=1&amp;query=2021-1059&amp;searchField=ALL&amp;tab_selection=all\" target=\"_blank\">www.legifrance.gouv.fr\/jorf\/id\/JORFTEXT000043915443?init=true&amp;page=1&amp;query=2021-1059&amp;searchField=ALL&amp;tab_selection=all<\/a><br><\/p>\n\n\n\n<p><strong>confirme la disparition du seuil de 50 personnes et impose la pr\u00e9sentation du pass sanitaire \u00e0 l&rsquo;ensemble des biblioth\u00e8ques et centres de documentation relevant du type S<\/strong>, \u00e0 l&rsquo;exception, d&rsquo;une part, des biblioth\u00e8ques universitaires, des biblioth\u00e8ques sp\u00e9cialis\u00e9es et, sauf pour les expositions ou \u00e9v\u00e9nements culturels qu&rsquo;elles accueillent, de la Biblioth\u00e8que nationale de France et de la Biblioth\u00e8que publique d&rsquo;information et, d&rsquo;autre part, des personnes acc\u00e9dant \u00e0 ces \u00e9tablissements pour des motifs professionnels ou \u00e0 des fins de recherche.<\/p>\n\n\n\n<p>Il modifie le II de l&rsquo; article 47-1 du d\u00e9cret 2021-699 qui pr\u00e9cisait :<br><a href=\"https:\/\/www.legifrance.gouv.fr\/loda\/id\/LEGIARTI000043806535\/2021-07-21\/\" target=\"_blank\" rel=\"noreferrer noopener\">Article 47-1<\/a><br><a href=\"https:\/\/www.legifrance.gouv.fr\/loda\/id\/LEGIARTI000043806535\/2021-07-21\/\" target=\"_blank\" rel=\"noreferrer noopener\">Modifi\u00e9 par D\u00e9cret n\u00b02021-955 du 19 juillet 2021 &#8211; art. 1<\/a><\/p>\n\n\n\n<p>I. &#8211;&nbsp;<strong>Les personnes majeures doivent, pour \u00eatre accueillies dans les \u00e9tablissements, lieux et \u00e9v\u00e9nements mentionn\u00e9s aux II et III, pr\u00e9senter l&rsquo;un des documents suivants :<\/strong><\/p>\n\n\n\n<ol class=\"wp-block-list\" type=\"1\"><li>Le r\u00e9sultat d&rsquo;un test ou examen de d\u00e9pistage mentionn\u00e9 au 1\u00b0 de l&rsquo;article 2-2 r\u00e9alis\u00e9 moins de 48 heures avant l&rsquo;acc\u00e8s \u00e0 l&rsquo;\u00e9tablissement, au lieu ou \u00e0 l&rsquo;\u00e9v\u00e8nement. Les seuls tests antig\u00e9niques pouvant \u00eatre valablement pr\u00e9sent\u00e9s pour l&rsquo;application du pr\u00e9sent 1\u00b0 sont ceux permettant la d\u00e9tection de la prot\u00e9ine N du SARS-CoV-2 ;<\/li><li>Un justificatif du statut vaccinal d\u00e9livr\u00e9 dans les conditions mentionn\u00e9es au 2\u00b0 de l&rsquo;article 2-2 ;<\/li><li>Un certificat de r\u00e9tablissement d\u00e9livr\u00e9 dans les conditions mentionn\u00e9es au 3\u00b0 de l&rsquo;article 2-2.<\/li><\/ol>\n\n\n\n<p>La pr\u00e9sentation de ces documents est contr\u00f4l\u00e9e dans les conditions mentionn\u00e9es \u00e0 l&rsquo;article 2-3.<br>\u00c0 d\u00e9faut de pr\u00e9sentation de l&rsquo;un de ces documents, l&rsquo;acc\u00e8s \u00e0 l&rsquo;\u00e9tablissement, au lieu ou \u00e0 l&rsquo;\u00e9v\u00e9nement est refus\u00e9.<\/p>\n\n\n\n<p>II. &#8211; \u00ab\u00a0<strong>Les documents mentionn\u00e9s au I doivent \u00eatre pr\u00e9sent\u00e9s pour l&rsquo;acc\u00e8s aux \u00e9tablissements, lieux et \u00e9v\u00e9nements suivants, lorsqu&rsquo;ils accueillent un nombre de visiteurs, spectateurs, clients ou passagers au moins \u00e9gal \u00e0 50 personnes.\u00a0\u00bb<\/strong><\/p>\n\n\n\n<p>Le II est remplac\u00e9 dans le nouveau d\u00e9cret par :<br>II. &#8211; \u00ab\u00a0<strong>Les documents mentionn\u00e9s au I doivent \u00eatre pr\u00e9sent\u00e9s pour l&rsquo;acc\u00e8s des participants, visiteurs, spectateurs, clients ou passagers aux \u00e9tablissements, lieux, services et \u00e9v\u00e9nements suivants.\u00a0\u00bb&nbsp;<\/strong><\/p>\n\n\n\n<p>Le d\u00e9cret pr\u00e9cise \u00e9galement les modalit\u00e9s concernant les personnels et les b\u00e9n\u00e9voles :<br>III. &#8211; Lorsque les dispositions du II sont applicables au-del\u00e0 d&rsquo;un seuil d\u00e9fini en nombre de personnes accueillies, ce seuil est d\u00e9termin\u00e9 en fonction du nombre de personnes dont l&rsquo;accueil est pr\u00e9vu par l&rsquo;exploitant de l&rsquo;\u00e9tablissement ou du lieu ou par l&rsquo;organisateur de l&rsquo;\u00e9v\u00e9nement ou du service, dans le respect des r\u00e8gles qui leur sont applicables et des limitations pr\u00e9vues par le pr\u00e9sent d\u00e9cret.<br><strong>Lorsque des activit\u00e9s relevant des \u00e9tablissements et lieux mentionn\u00e9s au II se d\u00e9roulent hors de ceux-ci, les dispositions du pr\u00e9sent article leur sont applicables comme si elles se d\u00e9roulaient dans ces \u00e9tablissements et lieux, dans la limite des espaces et des heures concern\u00e9s.<\/strong><\/p>\n\n\n\n<p>IV. &#8211;&nbsp;<strong>Le pr\u00e9sent article est applicable, \u00e0 compter du 30 ao\u00fbt 2021, aux salari\u00e9s, agents publics, b\u00e9n\u00e9voles et aux autres personnes qui interviennent dans les lieux, \u00e9tablissements, services ou \u00e9v\u00e9nements concern\u00e9s, lorsque leur activit\u00e9 se d\u00e9roule dans les espaces et aux heures o\u00f9 ils sont accessibles au public, \u00e0 l&rsquo;exception des activit\u00e9s de livraison et sauf intervention d&rsquo;urgence.<\/strong><\/p>\n\n\n\n<p>Le III ne s&rsquo;applique donc que pour les \u00e9tablissements pour lesquels une mention de seuil est pr\u00e9cis\u00e9e, ce qui n&rsquo;est pas le cas pour les biblioth\u00e8ques.<\/p>\n\n\n\n<p>Le Premier ministre a une tol\u00e9rance d&rsquo;une semaine avant l&rsquo;application de sanctions.<\/p>\n\n\n\n<p>Et pour compl\u00e9ter, sur le site du gouvernement, \u00e0 la page d\u00e9di\u00e9e au Covid, au 2<sup>e<\/sup>&nbsp;point&nbsp;: \u00ab\u00a0Quelles sont les dispositions applicables pour les sites culturels \u00e0 compter du 21 juillet 2021 ?\u00a0\u00bb, partie 2, est pr\u00e9cis\u00e9 :<br>L\u2019obligation de pr\u00e9senter un pass sanitaire concerne :<br>&#8211; le seul contr\u00f4le de l\u2019acc\u00e8s des visiteurs ou des spectateurs majeurs (y compris \u00e9trangers) \u00e0 compter du 1<sup>er<\/sup>&nbsp;d\u2019entre eux.<br>&#8211; elle ne concerne pas les mineurs.<br>&#8211; elle ne concerne pas les personnes intervenant dans les \u00e9tablissements concern\u00e9s (personnels, salari\u00e9s, intermittents, artistes, professionnels, prestataires, encadrants ext\u00e9rieurs, agents de contr\u00f4le).<\/p>\n\n\n\n<p>Plus d&rsquo;infos sur :\u00a0<a rel=\"noreferrer noopener\" href=\"https:\/\/www.biblio-covid.fr\/\" target=\"_blank\">www.biblio-covid.fr<\/a><\/p>\n\n\n\n<p class=\"has-text-align-center\"><strong><em>Nous vous aviserons de la reprise de la biblioth\u00e8que de Saint Martin sur Ecaillon, qui, pour l&rsquo;instant reste ferm\u00e9e.<\/em><\/strong><\/p>\n\n\n\n<figure class=\"wp-block-image size-large\"><img loading=\"lazy\" decoding=\"async\" width=\"725\" height=\"1024\" src=\"https:\/\/www.monvillage.cafe\/saintmartinsurecaillon\/wp-content\/uploads\/sites\/2\/2021\/08\/PassCovid2mdn-725x1024.jpg\" alt=\"\" class=\"wp-image-3178\"\/><\/figure>\n","protected":false},"excerpt":{"rendered":"<p>Fin de la jauge \u00e0 50 personnes et pass sanitaire en biblioth\u00e8que Le d\u00e9cret 2021-1059 paru le 7 ao\u00fbt 2021\u00a0: www.legifrance.gouv.fr\/jorf\/id\/JORFTEXT000043915443?init=true&amp;page=1&amp;query=2021-1059&amp;searchField=ALL&amp;tab_selection=all confirme la disparition du seuil de 50 personnes et impose la pr\u00e9sentation du pass sanitaire \u00e0 l&rsquo;ensemble des biblioth\u00e8ques et centres de documentation relevant du type S, \u00e0 l&rsquo;exception, d&rsquo;une part, des biblioth\u00e8ques universitaires, [&hellip;]<\/p>\n","protected":false},"author":1,"featured_media":0,"comment_status":"closed","ping_status":"open","sticky":false,"template":"","format":"standard","meta":{"_et_pb_use_builder":"off","_et_pb_old_content":"","_et_gb_content_width":"","footnotes":""},"categories":[22,6,13,16],"tags":[381],"class_list":["post-3176","post","type-post","status-publish","format-standard","hentry","category-bibliotheque","category-gestion-de-crise","category-coronavirus","category-votre-village","tag-pass-sanitaire"],"_links":{"self":[{"href":"https:\/\/www.monvillage.cafe\/saintmartinsurecaillon\/wp-json\/wp\/v2\/posts\/3176","targetHints":{"allow":["GET"]}}],"collection":[{"href":"https:\/\/www.monvillage.cafe\/saintmartinsurecaillon\/wp-json\/wp\/v2\/posts"}],"about":[{"href":"https:\/\/www.monvillage.cafe\/saintmartinsurecaillon\/wp-json\/wp\/v2\/types\/post"}],"author":[{"embeddable":true,"href":"https:\/\/www.monvillage.cafe\/saintmartinsurecaillon\/wp-json\/wp\/v2\/users\/1"}],"replies":[{"embeddable":true,"href":"https:\/\/www.monvillage.cafe\/saintmartinsurecaillon\/wp-json\/wp\/v2\/comments?post=3176"}],"version-history":[{"count":1,"href":"https:\/\/www.monvillage.cafe\/saintmartinsurecaillon\/wp-json\/wp\/v2\/posts\/3176\/revisions"}],"predecessor-version":[{"id":3179,"href":"https:\/\/www.monvillage.cafe\/saintmartinsurecaillon\/wp-json\/wp\/v2\/posts\/3176\/revisions\/3179"}],"wp:attachment":[{"href":"https:\/\/www.monvillage.cafe\/saintmartinsurecaillon\/wp-json\/wp\/v2\/media?parent=3176"}],"wp:term":[{"taxonomy":"category","embeddable":true,"href":"https:\/\/www.monvillage.cafe\/saintmartinsurecaillon\/wp-json\/wp\/v2\/categories?post=3176"},{"taxonomy":"post_tag","embeddable":true,"href":"https:\/\/www.monvillage.cafe\/saintmartinsurecaillon\/wp-json\/wp\/v2\/tags?post=3176"}],"curies":[{"name":"wp","href":"https:\/\/api.w.org\/{rel}","templated":true}]}}