{"id":3079,"date":"2021-07-01T09:30:41","date_gmt":"2021-07-01T07:30:41","guid":{"rendered":"https:\/\/www.monvillage.cafe\/saintmartinsurecaillon\/?p=3079"},"modified":"2021-07-01T09:30:43","modified_gmt":"2021-07-01T07:30:43","slug":"arrete-prefectoral-obligation-du-port-du-masque-2","status":"publish","type":"post","link":"https:\/\/www.monvillage.cafe\/saintmartinsurecaillon\/arrete-prefectoral-obligation-du-port-du-masque-2\/","title":{"rendered":"Arr\u00eat\u00e9 pr\u00e9fectoral : obligation du port du masque"},"content":{"rendered":"\n<p>Dans le cadre de la lutte contre le Covid-19, veuillez prendre connaissance de l&rsquo;arr\u00eat\u00e9 pr\u00e9fectoral portant obligation du port du masque sous certaines conditions. Cliquez sur la premi\u00e8re page de l&rsquo;arr\u00eat\u00e9 ci-dessous afin d&rsquo;acc\u00e9der \u00e0 la totalit\u00e9 du document.<\/p>\n\n\n\n<p><\/p>\n\n\n\n<figure class=\"wp-block-image size-large is-resized\"><a href=\"https:\/\/www.monvillage.cafe\/saintmartinsurecaillon\/wp-content\/uploads\/sites\/2\/2021\/07\/310630-3-Obligation_masque-59.pdf\" target=\"_blank\" rel=\"noopener\"><img loading=\"lazy\" decoding=\"async\" src=\"https:\/\/www.monvillage.cafe\/saintmartinsurecaillon\/wp-content\/uploads\/sites\/2\/2021\/07\/ap-masque-2821-724x1024.jpg\" alt=\"\" class=\"wp-image-3080\" width=\"817\" height=\"1156\"\/><\/a><\/figure>\n\n\n\n<hr class=\"wp-block-separator\"\/>\n\n\n\n<div class=\"wp-block-file\"><a href=\"https:\/\/www.monvillage.cafe\/saintmartinsurecaillon\/wp-content\/uploads\/sites\/2\/2021\/07\/310630-3-Obligation_masque-59.pdf\">310630-3-Obligation_masque-59<\/a><a href=\"https:\/\/www.monvillage.cafe\/saintmartinsurecaillon\/wp-content\/uploads\/sites\/2\/2021\/07\/310630-3-Obligation_masque-59.pdf\" class=\"wp-block-file__button\" download>T\u00e9l\u00e9charger<\/a><\/div>\n","protected":false},"excerpt":{"rendered":"<p>Dans le cadre de la lutte contre le Covid-19, veuillez prendre connaissance de l&rsquo;arr\u00eat\u00e9 pr\u00e9fectoral portant obligation du port du masque sous certaines conditions. Cliquez sur la premi\u00e8re page de l&rsquo;arr\u00eat\u00e9 ci-dessous afin d&rsquo;acc\u00e9der \u00e0 la totalit\u00e9 du document.<\/p>\n","protected":false},"author":1,"featured_media":0,"comment_status":"closed","ping_status":"open","sticky":false,"template":"","format":"standard","meta":{"_et_pb_use_builder":"off","_et_pb_old_content":"","_et_gb_content_width":"","footnotes":""},"categories":[20,6,9,13],"tags":[51],"class_list":["post-3079","post","type-post","status-publish","format-standard","hentry","category-arretes-prefectoraux","category-gestion-de-crise","category-institutionnel","category-coronavirus","tag-masque"],"_links":{"self":[{"href":"https:\/\/www.monvillage.cafe\/saintmartinsurecaillon\/wp-json\/wp\/v2\/posts\/3079","targetHints":{"allow":["GET"]}}],"collection":[{"href":"https:\/\/www.monvillage.cafe\/saintmartinsurecaillon\/wp-json\/wp\/v2\/posts"}],"about":[{"href":"https:\/\/www.monvillage.cafe\/saintmartinsurecaillon\/wp-json\/wp\/v2\/types\/post"}],"author":[{"embeddable":true,"href":"https:\/\/www.monvillage.cafe\/saintmartinsurecaillon\/wp-json\/wp\/v2\/users\/1"}],"replies":[{"embeddable":true,"href":"https:\/\/www.monvillage.cafe\/saintmartinsurecaillon\/wp-json\/wp\/v2\/comments?post=3079"}],"version-history":[{"count":1,"href":"https:\/\/www.monvillage.cafe\/saintmartinsurecaillon\/wp-json\/wp\/v2\/posts\/3079\/revisions"}],"predecessor-version":[{"id":3082,"href":"https:\/\/www.monvillage.cafe\/saintmartinsurecaillon\/wp-json\/wp\/v2\/posts\/3079\/revisions\/3082"}],"wp:attachment":[{"href":"https:\/\/www.monvillage.cafe\/saintmartinsurecaillon\/wp-json\/wp\/v2\/media?parent=3079"}],"wp:term":[{"taxonomy":"category","embeddable":true,"href":"https:\/\/www.monvillage.cafe\/saintmartinsurecaillon\/wp-json\/wp\/v2\/categories?post=3079"},{"taxonomy":"post_tag","embeddable":true,"href":"https:\/\/www.monvillage.cafe\/saintmartinsurecaillon\/wp-json\/wp\/v2\/tags?post=3079"}],"curies":[{"name":"wp","href":"https:\/\/api.w.org\/{rel}","templated":true}]}}