{"id":3077,"date":"2021-06-27T20:01:00","date_gmt":"2021-06-27T18:01:00","guid":{"rendered":"https:\/\/www.monvillage.cafe\/saintmartinsurecaillon\/?p=3077"},"modified":"2021-06-27T20:01:12","modified_gmt":"2021-06-27T18:01:12","slug":"resultats-des-regionales-et-departementales-2021-a-saint-martin-sur-ecaillon-2nd-tour","status":"publish","type":"post","link":"https:\/\/www.monvillage.cafe\/saintmartinsurecaillon\/resultats-des-regionales-et-departementales-2021-a-saint-martin-sur-ecaillon-2nd-tour\/","title":{"rendered":"R\u00e9sultats des R\u00e9gionales et D\u00e9partementales 2021 \u00e0 Saint Martin sur Ecaillon (2nd tour)"},"content":{"rendered":"\n<p><strong>REGIONALES<\/strong><br>Inscrits : 408<br>Votants : 157<\/p>\n\n\n\n<p>Nuls : 1<br>Blancs : 5<br><br>Xavier BERTRAND, Divers droite : 95<br>S\u00e9bastien CHENU, Rassemblement national : 21<br>Karima DELLI, Union de la gauche et des \u00e9cologistes : 35<br><\/p>\n\n\n\n<hr class=\"wp-block-separator\"\/>\n\n\n\n<p><strong>DEPARTEMENTALES<\/strong><br>Inscrits : 408<br>Votants : 156<\/p>\n\n\n\n<p>Nuls : 1<br>Blancs : 19<br><br>Union pour le Nord, Boisseaux \/ Bricout : 101<br>Rassemblement national, Desweemer \/ Lefebvre : 35<\/p>\n","protected":false},"excerpt":{"rendered":"<p>REGIONALESInscrits : 408Votants : 157 Nuls : 1Blancs : 5 Xavier BERTRAND, Divers droite : 95S\u00e9bastien CHENU, Rassemblement national : 21Karima DELLI, Union de la gauche et des \u00e9cologistes : 35 DEPARTEMENTALESInscrits : 408Votants : 156 Nuls : 1Blancs : 19 Union pour le Nord, Boisseaux \/ Bricout : 101Rassemblement national, Desweemer \/ Lefebvre : [&hellip;]<\/p>\n","protected":false},"author":1,"featured_media":0,"comment_status":"closed","ping_status":"open","sticky":false,"template":"","format":"standard","meta":{"_et_pb_use_builder":"off","_et_pb_old_content":"","_et_gb_content_width":"","footnotes":""},"categories":[358,9],"tags":[321],"class_list":["post-3077","post","type-post","status-publish","format-standard","hentry","category-elections","category-institutionnel","tag-elections-regionales-et-departementales-2021"],"_links":{"self":[{"href":"https:\/\/www.monvillage.cafe\/saintmartinsurecaillon\/wp-json\/wp\/v2\/posts\/3077","targetHints":{"allow":["GET"]}}],"collection":[{"href":"https:\/\/www.monvillage.cafe\/saintmartinsurecaillon\/wp-json\/wp\/v2\/posts"}],"about":[{"href":"https:\/\/www.monvillage.cafe\/saintmartinsurecaillon\/wp-json\/wp\/v2\/types\/post"}],"author":[{"embeddable":true,"href":"https:\/\/www.monvillage.cafe\/saintmartinsurecaillon\/wp-json\/wp\/v2\/users\/1"}],"replies":[{"embeddable":true,"href":"https:\/\/www.monvillage.cafe\/saintmartinsurecaillon\/wp-json\/wp\/v2\/comments?post=3077"}],"version-history":[{"count":1,"href":"https:\/\/www.monvillage.cafe\/saintmartinsurecaillon\/wp-json\/wp\/v2\/posts\/3077\/revisions"}],"predecessor-version":[{"id":3078,"href":"https:\/\/www.monvillage.cafe\/saintmartinsurecaillon\/wp-json\/wp\/v2\/posts\/3077\/revisions\/3078"}],"wp:attachment":[{"href":"https:\/\/www.monvillage.cafe\/saintmartinsurecaillon\/wp-json\/wp\/v2\/media?parent=3077"}],"wp:term":[{"taxonomy":"category","embeddable":true,"href":"https:\/\/www.monvillage.cafe\/saintmartinsurecaillon\/wp-json\/wp\/v2\/categories?post=3077"},{"taxonomy":"post_tag","embeddable":true,"href":"https:\/\/www.monvillage.cafe\/saintmartinsurecaillon\/wp-json\/wp\/v2\/tags?post=3077"}],"curies":[{"name":"wp","href":"https:\/\/api.w.org\/{rel}","templated":true}]}}