{"id":3045,"date":"2021-06-20T20:06:57","date_gmt":"2021-06-20T18:06:57","guid":{"rendered":"https:\/\/www.monvillage.cafe\/saintmartinsurecaillon\/?p=3045"},"modified":"2021-06-20T22:01:12","modified_gmt":"2021-06-20T20:01:12","slug":"resultats-des-regionales-et-departementales-2021-a-saint-martin-sur-ecaillon","status":"publish","type":"post","link":"https:\/\/www.monvillage.cafe\/saintmartinsurecaillon\/resultats-des-regionales-et-departementales-2021-a-saint-martin-sur-ecaillon\/","title":{"rendered":"R\u00e9sultats des r\u00e9gionales et d\u00e9partementales 2021 \u00e0 Saint Martin sur Ecaillon"},"content":{"rendered":"\n<p>     Inscrits : 408<br>     Votants : 153<\/p>\n\n\n\n<p><strong>REGIONALES<\/strong><br>Nuls : 3<br>Blancs : 7<br><br>Xavier BERTRAND, Divers droite : 66<br>S\u00e9bastien CHENU, Rassemblement national : 27<br>Karima DELLI, Union de la gauche et des \u00e9cologistes : 29<br>Laurent PIETRASZEWSKI, La R\u00e9publique en marche : 18<br>Jos\u00e9 EVRARD, Debout la France : 2<br>Eric PECQUEUR, Lutte ouvri\u00e8re : 1<br>Audric ALEXANDRE, Pace &#8211; Volt &#8211; Nous citoyens &#8211; Allons enfants : 0<\/p>\n\n\n\n<hr class=\"wp-block-separator\"\/>\n\n\n\n<p><strong>DEPARTEMENTALES<\/strong><br>Nuls : 2<br>Blancs : 8<br>Gauche solidaire et \u00e9cologiste, Brulant \/ Desreumaux : 41<br>Union pour le Nord, Boisseaux \/ Bricout : 71<br>Rassemblement national, Desweemer \/ Lefebvre : 31<\/p>\n","protected":false},"excerpt":{"rendered":"<p>Inscrits : 408 Votants : 153 REGIONALESNuls : 3Blancs : 7 Xavier BERTRAND, Divers droite : 66S\u00e9bastien CHENU, Rassemblement national : 27Karima DELLI, Union de la gauche et des \u00e9cologistes : 29Laurent PIETRASZEWSKI, La R\u00e9publique en marche : 18Jos\u00e9 EVRARD, Debout la France : 2Eric PECQUEUR, Lutte ouvri\u00e8re : 1Audric ALEXANDRE, Pace &#8211; Volt &#8211; [&hellip;]<\/p>\n","protected":false},"author":1,"featured_media":0,"comment_status":"closed","ping_status":"open","sticky":false,"template":"","format":"standard","meta":{"_et_pb_use_builder":"off","_et_pb_old_content":"","_et_gb_content_width":"","footnotes":""},"categories":[358,9],"tags":[321],"class_list":["post-3045","post","type-post","status-publish","format-standard","hentry","category-elections","category-institutionnel","tag-elections-regionales-et-departementales-2021"],"_links":{"self":[{"href":"https:\/\/www.monvillage.cafe\/saintmartinsurecaillon\/wp-json\/wp\/v2\/posts\/3045","targetHints":{"allow":["GET"]}}],"collection":[{"href":"https:\/\/www.monvillage.cafe\/saintmartinsurecaillon\/wp-json\/wp\/v2\/posts"}],"about":[{"href":"https:\/\/www.monvillage.cafe\/saintmartinsurecaillon\/wp-json\/wp\/v2\/types\/post"}],"author":[{"embeddable":true,"href":"https:\/\/www.monvillage.cafe\/saintmartinsurecaillon\/wp-json\/wp\/v2\/users\/1"}],"replies":[{"embeddable":true,"href":"https:\/\/www.monvillage.cafe\/saintmartinsurecaillon\/wp-json\/wp\/v2\/comments?post=3045"}],"version-history":[{"count":3,"href":"https:\/\/www.monvillage.cafe\/saintmartinsurecaillon\/wp-json\/wp\/v2\/posts\/3045\/revisions"}],"predecessor-version":[{"id":3051,"href":"https:\/\/www.monvillage.cafe\/saintmartinsurecaillon\/wp-json\/wp\/v2\/posts\/3045\/revisions\/3051"}],"wp:attachment":[{"href":"https:\/\/www.monvillage.cafe\/saintmartinsurecaillon\/wp-json\/wp\/v2\/media?parent=3045"}],"wp:term":[{"taxonomy":"category","embeddable":true,"href":"https:\/\/www.monvillage.cafe\/saintmartinsurecaillon\/wp-json\/wp\/v2\/categories?post=3045"},{"taxonomy":"post_tag","embeddable":true,"href":"https:\/\/www.monvillage.cafe\/saintmartinsurecaillon\/wp-json\/wp\/v2\/tags?post=3045"}],"curies":[{"name":"wp","href":"https:\/\/api.w.org\/{rel}","templated":true}]}}