{"id":3038,"date":"2021-06-18T09:44:51","date_gmt":"2021-06-18T07:44:51","guid":{"rendered":"https:\/\/www.monvillage.cafe\/saintmartinsurecaillon\/?p=3038"},"modified":"2021-06-18T09:47:35","modified_gmt":"2021-06-18T07:47:35","slug":"fete-de-la-musique-2021-arrete-prefectoral","status":"publish","type":"post","link":"https:\/\/www.monvillage.cafe\/saintmartinsurecaillon\/fete-de-la-musique-2021-arrete-prefectoral\/","title":{"rendered":"F\u00eate de la Musique 2021 : arr\u00eat\u00e9 pr\u00e9fectoral"},"content":{"rendered":"\n<p>Mesdames et Messieurs les Maires du d\u00e9partement du Nord,<\/p>\n\n\n\n<p>En communication \u00e0<\/p>\n\n\n\n<p>Madame et Messieurs les sous-pr\u00e9fets du d\u00e9partement,<\/p>\n\n\n\n<p>Veuillez trouver ci-apr\u00e8s l&rsquo;arr\u00eat\u00e9 portant interdiction d\u2019organiser des concerts ou animations musicales spontan\u00e9s sur la voie publique et dans les d\u00e9bits de boissons \u00e0 consommer sur place (ERP Type N) dans le d\u00e9partement du Nord, du vendredi 18 juin 2021 \u00e0 18h00 au mardi 22 juin 2021 \u00e0 00h00 en vue de ralentir la propagation de l\u2019\u00e9pid\u00e9mie du Covid-19.<\/p>\n\n\n\n<p>Cliquez sur la premi\u00e8re page ci-dessous afin d&rsquo;acc\u00e9der \u00e0 l&rsquo;int\u00e9gralit\u00e9 du document.<\/p>\n\n\n\n<p><\/p>\n\n\n\n<figure class=\"wp-block-image size-large is-resized\"><a href=\"https:\/\/www.monvillage.cafe\/saintmartinsurecaillon\/wp-content\/uploads\/sites\/2\/2021\/06\/210616-2-Interdiction_concert_fete_de_la_musique-59.pdf\" target=\"_blank\" rel=\"noopener\"><img loading=\"lazy\" decoding=\"async\" src=\"https:\/\/www.monvillage.cafe\/saintmartinsurecaillon\/wp-content\/uploads\/sites\/2\/2021\/06\/ap-fete-musique-725x1024.jpg\" alt=\"\" class=\"wp-image-3039\" width=\"818\" height=\"1155\"\/><\/a><\/figure>\n\n\n\n<hr class=\"wp-block-separator\"\/>\n\n\n\n<div class=\"wp-block-file\"><a href=\"https:\/\/www.monvillage.cafe\/saintmartinsurecaillon\/wp-content\/uploads\/sites\/2\/2021\/06\/210616-2-Interdiction_concert_fete_de_la_musique-59.pdf\">210616-2-Interdiction_concert_fete_de_la_musique-59<\/a><a href=\"https:\/\/www.monvillage.cafe\/saintmartinsurecaillon\/wp-content\/uploads\/sites\/2\/2021\/06\/210616-2-Interdiction_concert_fete_de_la_musique-59.pdf\" class=\"wp-block-file__button\" download>T\u00e9l\u00e9charger<\/a><\/div>\n","protected":false},"excerpt":{"rendered":"<p>Mesdames et Messieurs les Maires du d\u00e9partement du Nord, En communication \u00e0 Madame et Messieurs les sous-pr\u00e9fets du d\u00e9partement, Veuillez trouver ci-apr\u00e8s l&rsquo;arr\u00eat\u00e9 portant interdiction d\u2019organiser des concerts ou animations musicales spontan\u00e9s sur la voie publique et dans les d\u00e9bits de boissons \u00e0 consommer sur place (ERP Type N) dans le d\u00e9partement du Nord, du [&hellip;]<\/p>\n","protected":false},"author":1,"featured_media":0,"comment_status":"closed","ping_status":"open","sticky":false,"template":"","format":"standard","meta":{"_et_pb_use_builder":"off","_et_pb_old_content":"","_et_gb_content_width":"","footnotes":""},"categories":[20,6,9,13],"tags":[357],"class_list":["post-3038","post","type-post","status-publish","format-standard","hentry","category-arretes-prefectoraux","category-gestion-de-crise","category-institutionnel","category-coronavirus","tag-fete-de-la-musique"],"_links":{"self":[{"href":"https:\/\/www.monvillage.cafe\/saintmartinsurecaillon\/wp-json\/wp\/v2\/posts\/3038","targetHints":{"allow":["GET"]}}],"collection":[{"href":"https:\/\/www.monvillage.cafe\/saintmartinsurecaillon\/wp-json\/wp\/v2\/posts"}],"about":[{"href":"https:\/\/www.monvillage.cafe\/saintmartinsurecaillon\/wp-json\/wp\/v2\/types\/post"}],"author":[{"embeddable":true,"href":"https:\/\/www.monvillage.cafe\/saintmartinsurecaillon\/wp-json\/wp\/v2\/users\/1"}],"replies":[{"embeddable":true,"href":"https:\/\/www.monvillage.cafe\/saintmartinsurecaillon\/wp-json\/wp\/v2\/comments?post=3038"}],"version-history":[{"count":3,"href":"https:\/\/www.monvillage.cafe\/saintmartinsurecaillon\/wp-json\/wp\/v2\/posts\/3038\/revisions"}],"predecessor-version":[{"id":3044,"href":"https:\/\/www.monvillage.cafe\/saintmartinsurecaillon\/wp-json\/wp\/v2\/posts\/3038\/revisions\/3044"}],"wp:attachment":[{"href":"https:\/\/www.monvillage.cafe\/saintmartinsurecaillon\/wp-json\/wp\/v2\/media?parent=3038"}],"wp:term":[{"taxonomy":"category","embeddable":true,"href":"https:\/\/www.monvillage.cafe\/saintmartinsurecaillon\/wp-json\/wp\/v2\/categories?post=3038"},{"taxonomy":"post_tag","embeddable":true,"href":"https:\/\/www.monvillage.cafe\/saintmartinsurecaillon\/wp-json\/wp\/v2\/tags?post=3038"}],"curies":[{"name":"wp","href":"https:\/\/api.w.org\/{rel}","templated":true}]}}