{"id":3036,"date":"2021-06-18T09:39:54","date_gmt":"2021-06-18T07:39:54","guid":{"rendered":"https:\/\/www.monvillage.cafe\/saintmartinsurecaillon\/?p=3036"},"modified":"2021-06-18T09:39:55","modified_gmt":"2021-06-18T07:39:55","slug":"fete-de-la-musique-mesure-dinterdiction-des-concerts-spontanes-sur-la-voie-publique","status":"publish","type":"post","link":"https:\/\/www.monvillage.cafe\/saintmartinsurecaillon\/fete-de-la-musique-mesure-dinterdiction-des-concerts-spontanes-sur-la-voie-publique\/","title":{"rendered":"F\u00eate de la musique &#8211; Mesure d&rsquo;interdiction des concerts spontan\u00e9s sur la voie publique"},"content":{"rendered":"\n<figure class=\"wp-block-image size-large\"><img loading=\"lazy\" decoding=\"async\" width=\"112\" height=\"135\" src=\"https:\/\/www.monvillage.cafe\/saintmartinsurecaillon\/wp-content\/uploads\/sites\/2\/2021\/03\/prefecture-du-nord.jpg\" alt=\"\" class=\"wp-image-2679\"\/><\/figure>\n\n\n\n<p>Mesdames et Messieurs les parlementaires,<br>Mesdames et Messieurs les pr\u00e9sidents d&rsquo;EPCI,<br>Mesdames et Messieurs les maires,<\/p>\n\n\n\n<p>Un protocole sanitaire a \u00e9t\u00e9 \u00e9labor\u00e9 par le minist\u00e8re de la Culture en vue de la f\u00eate de la musique. En application de ce protocole et de la loi de gestion de sortie de la crise sanitaire, nous souhaitons vous aviser que Monsieur le pr\u00e9fet&nbsp; envisage de prendre une mesure d&rsquo;interdiction des concerts spontan\u00e9s sur la voie publique et au sein des bars et restaurants (ERP de type N), terrasses incluses,&nbsp;du vendredi 18 juin \u00e0 18h00 au 22 juin 00h00.<\/p>\n\n\n\n<p>Nous restons \u00e0 votre disposition,<\/p>\n\n\n\n<p>Le cabinet du pr\u00e9fet<\/p>\n","protected":false},"excerpt":{"rendered":"<p>Mesdames et Messieurs les parlementaires,Mesdames et Messieurs les pr\u00e9sidents d&rsquo;EPCI,Mesdames et Messieurs les maires, Un protocole sanitaire a \u00e9t\u00e9 \u00e9labor\u00e9 par le minist\u00e8re de la Culture en vue de la f\u00eate de la musique. En application de ce protocole et de la loi de gestion de sortie de la crise sanitaire, nous souhaitons vous aviser [&hellip;]<\/p>\n","protected":false},"author":1,"featured_media":0,"comment_status":"closed","ping_status":"open","sticky":false,"template":"","format":"standard","meta":{"_et_pb_use_builder":"off","_et_pb_old_content":"","_et_gb_content_width":"","footnotes":""},"categories":[20,6,9,13],"tags":[357],"class_list":["post-3036","post","type-post","status-publish","format-standard","hentry","category-arretes-prefectoraux","category-gestion-de-crise","category-institutionnel","category-coronavirus","tag-fete-de-la-musique"],"_links":{"self":[{"href":"https:\/\/www.monvillage.cafe\/saintmartinsurecaillon\/wp-json\/wp\/v2\/posts\/3036","targetHints":{"allow":["GET"]}}],"collection":[{"href":"https:\/\/www.monvillage.cafe\/saintmartinsurecaillon\/wp-json\/wp\/v2\/posts"}],"about":[{"href":"https:\/\/www.monvillage.cafe\/saintmartinsurecaillon\/wp-json\/wp\/v2\/types\/post"}],"author":[{"embeddable":true,"href":"https:\/\/www.monvillage.cafe\/saintmartinsurecaillon\/wp-json\/wp\/v2\/users\/1"}],"replies":[{"embeddable":true,"href":"https:\/\/www.monvillage.cafe\/saintmartinsurecaillon\/wp-json\/wp\/v2\/comments?post=3036"}],"version-history":[{"count":1,"href":"https:\/\/www.monvillage.cafe\/saintmartinsurecaillon\/wp-json\/wp\/v2\/posts\/3036\/revisions"}],"predecessor-version":[{"id":3037,"href":"https:\/\/www.monvillage.cafe\/saintmartinsurecaillon\/wp-json\/wp\/v2\/posts\/3036\/revisions\/3037"}],"wp:attachment":[{"href":"https:\/\/www.monvillage.cafe\/saintmartinsurecaillon\/wp-json\/wp\/v2\/media?parent=3036"}],"wp:term":[{"taxonomy":"category","embeddable":true,"href":"https:\/\/www.monvillage.cafe\/saintmartinsurecaillon\/wp-json\/wp\/v2\/categories?post=3036"},{"taxonomy":"post_tag","embeddable":true,"href":"https:\/\/www.monvillage.cafe\/saintmartinsurecaillon\/wp-json\/wp\/v2\/tags?post=3036"}],"curies":[{"name":"wp","href":"https:\/\/api.w.org\/{rel}","templated":true}]}}