{"id":3011,"date":"2021-06-05T16:34:37","date_gmt":"2021-06-05T14:34:37","guid":{"rendered":"https:\/\/www.monvillage.cafe\/saintmartinsurecaillon\/?p=3011"},"modified":"2021-06-05T17:58:05","modified_gmt":"2021-06-05T15:58:05","slug":"idees-de-sortie-dans-le-cambresis-bienvenuechezeux","status":"publish","type":"post","link":"https:\/\/www.monvillage.cafe\/saintmartinsurecaillon\/idees-de-sortie-dans-le-cambresis-bienvenuechezeux\/","title":{"rendered":"Id\u00e9es de sortie dans le Cambr\u00e9sis : #BienvenueChezEux"},"content":{"rendered":"\n<p>Sue le territoire du Cambr\u00e9sis il existe des lieux d&rsquo;h\u00e9bergement exceptionnels, dont un dans notre commune. Des journ\u00e9es sont donc programm\u00e9es pour les visiter. Trois dates par lieu. Prenez donc rendez-vous aupr\u00e8s de l&rsquo;office de tourisme du Cambr\u00e9sis. Du 3 juin au 26 ao\u00fbt <strong>#Bienvenue chez Eux<\/strong> !<\/p>\n\n\n\n<p>En bonus, retrouvez en bas de page l&rsquo;agenda juin juillet.<\/p>\n\n\n\n<figure class=\"wp-block-image size-large is-resized\"><img loading=\"lazy\" decoding=\"async\" src=\"https:\/\/www.monvillage.cafe\/saintmartinsurecaillon\/wp-content\/uploads\/sites\/2\/2021\/06\/affiche-bienvenue-chez-eux-722x1024.jpg\" alt=\"\" class=\"wp-image-3012\" width=\"818\" height=\"1160\"\/><\/figure>\n\n\n\n<hr class=\"wp-block-separator\"\/>\n\n\n\n<figure class=\"wp-block-image size-large\"><img loading=\"lazy\" decoding=\"async\" width=\"1024\" height=\"793\" src=\"https:\/\/www.monvillage.cafe\/saintmartinsurecaillon\/wp-content\/uploads\/sites\/2\/2021\/06\/flyer-1-1024x793.jpg\" alt=\"\" class=\"wp-image-3013\" srcset=\"https:\/\/www.monvillage.cafe\/saintmartinsurecaillon\/wp-content\/uploads\/sites\/2\/2021\/06\/flyer-1-980x759.jpg 980w, https:\/\/www.monvillage.cafe\/saintmartinsurecaillon\/wp-content\/uploads\/sites\/2\/2021\/06\/flyer-1-480x372.jpg 480w\" sizes=\"(min-width: 0px) and (max-width: 480px) 480px, (min-width: 481px) and (max-width: 980px) 980px, (min-width: 981px) 1024px, 100vw\" \/><\/figure>\n\n\n\n<figure class=\"wp-block-image size-large\"><img loading=\"lazy\" decoding=\"async\" width=\"1024\" height=\"791\" src=\"https:\/\/www.monvillage.cafe\/saintmartinsurecaillon\/wp-content\/uploads\/sites\/2\/2021\/06\/flyer-2-1024x791.jpg\" alt=\"\" class=\"wp-image-3014\" srcset=\"https:\/\/www.monvillage.cafe\/saintmartinsurecaillon\/wp-content\/uploads\/sites\/2\/2021\/06\/flyer-2-980x757.jpg 980w, https:\/\/www.monvillage.cafe\/saintmartinsurecaillon\/wp-content\/uploads\/sites\/2\/2021\/06\/flyer-2-480x371.jpg 480w\" sizes=\"(min-width: 0px) and (max-width: 480px) 480px, (min-width: 481px) and (max-width: 980px) 980px, (min-width: 981px) 1024px, 100vw\" \/><\/figure>\n","protected":false},"excerpt":{"rendered":"<p>Sue le territoire du Cambr\u00e9sis il existe des lieux d&rsquo;h\u00e9bergement exceptionnels, dont un dans notre commune. Des journ\u00e9es sont donc programm\u00e9es pour les visiter. Trois dates par lieu. Prenez donc rendez-vous aupr\u00e8s de l&rsquo;office de tourisme du Cambr\u00e9sis. Du 3 juin au 26 ao\u00fbt #Bienvenue chez Eux ! En bonus, retrouvez en bas de page [&hellip;]<\/p>\n","protected":false},"author":1,"featured_media":0,"comment_status":"closed","ping_status":"open","sticky":false,"template":"","format":"standard","meta":{"_et_pb_use_builder":"off","_et_pb_old_content":"","_et_gb_content_width":"","footnotes":""},"categories":[133,4,33,16],"tags":[225,173,172],"class_list":["post-3011","post","type-post","status-publish","format-standard","hentry","category-agenda-votre-village","category-divers","category-patrimoine","category-votre-village","tag-cambresis","tag-la-rose-laitiere","tag-tourisme"],"_links":{"self":[{"href":"https:\/\/www.monvillage.cafe\/saintmartinsurecaillon\/wp-json\/wp\/v2\/posts\/3011","targetHints":{"allow":["GET"]}}],"collection":[{"href":"https:\/\/www.monvillage.cafe\/saintmartinsurecaillon\/wp-json\/wp\/v2\/posts"}],"about":[{"href":"https:\/\/www.monvillage.cafe\/saintmartinsurecaillon\/wp-json\/wp\/v2\/types\/post"}],"author":[{"embeddable":true,"href":"https:\/\/www.monvillage.cafe\/saintmartinsurecaillon\/wp-json\/wp\/v2\/users\/1"}],"replies":[{"embeddable":true,"href":"https:\/\/www.monvillage.cafe\/saintmartinsurecaillon\/wp-json\/wp\/v2\/comments?post=3011"}],"version-history":[{"count":2,"href":"https:\/\/www.monvillage.cafe\/saintmartinsurecaillon\/wp-json\/wp\/v2\/posts\/3011\/revisions"}],"predecessor-version":[{"id":3017,"href":"https:\/\/www.monvillage.cafe\/saintmartinsurecaillon\/wp-json\/wp\/v2\/posts\/3011\/revisions\/3017"}],"wp:attachment":[{"href":"https:\/\/www.monvillage.cafe\/saintmartinsurecaillon\/wp-json\/wp\/v2\/media?parent=3011"}],"wp:term":[{"taxonomy":"category","embeddable":true,"href":"https:\/\/www.monvillage.cafe\/saintmartinsurecaillon\/wp-json\/wp\/v2\/categories?post=3011"},{"taxonomy":"post_tag","embeddable":true,"href":"https:\/\/www.monvillage.cafe\/saintmartinsurecaillon\/wp-json\/wp\/v2\/tags?post=3011"}],"curies":[{"name":"wp","href":"https:\/\/api.w.org\/{rel}","templated":true}]}}