{"id":2900,"date":"2021-04-30T11:15:57","date_gmt":"2021-04-30T09:15:57","guid":{"rendered":"https:\/\/www.monvillage.cafe\/saintmartinsurecaillon\/?p=2900"},"modified":"2021-04-30T11:15:59","modified_gmt":"2021-04-30T09:15:59","slug":"entrepreneurs-la-ccps-vous-invite-au-petit-dejeuner-numerique","status":"publish","type":"post","link":"https:\/\/www.monvillage.cafe\/saintmartinsurecaillon\/entrepreneurs-la-ccps-vous-invite-au-petit-dejeuner-numerique\/","title":{"rendered":"Entrepreneurs, la CCPS vous invite au petit d\u00e9jeuner num\u00e9rique"},"content":{"rendered":"\n<p>Entrepreneurs du XXI<sup>\u00e8me<\/sup> si\u00e8cle, la CCPS vous invite \u00e0 un <strong>petit d\u00e9jeuner num\u00e9rique<\/strong> le 3 juin prochain \u00e0 <a rel=\"noreferrer noopener\" href=\"https:\/\/laroselaitiere.fr\/\" target=\"_blank\">La Rose Laiti\u00e8re<\/a> \u00e0 Saint Martin sur Ecaillon. Vous pouvez prendre connaissance du programme sur le flyer ci-dessous.<\/p>\n\n\n\n<p>Vous avez jusqu&rsquo;au 27 mai pour vous <a rel=\"noreferrer noopener\" href=\"https:\/\/docs.google.com\/forms\/d\/e\/1FAIpQLSe_L9UwtWL_ECgWIRH7kdK1vXWmtME5S9IJlqdBh0G-d0A7OA\/viewform\" target=\"_blank\">inscrire<\/a> (<a rel=\"noreferrer noopener\" href=\"https:\/\/docs.google.com\/forms\/d\/e\/1FAIpQLSe_L9UwtWL_ECgWIRH7kdK1vXWmtME5S9IJlqdBh0G-d0A7OA\/viewform\" target=\"_blank\">inscription obligatoire<\/a>).<\/p>\n\n\n\n<p>La p\u00e9riode de pand\u00e9mie que nous vivons actuellement oblige toutes les entreprises \u00e0 r\u00e9fl\u00e9chir \u00e0 la fa\u00e7on de travailler, alors venez vous informer.<\/p>\n\n\n\n<div class=\"wp-block-image\"><figure class=\"aligncenter size-large is-resized\"><a href=\"https:\/\/docs.google.com\/forms\/d\/e\/1FAIpQLSe_L9UwtWL_ECgWIRH7kdK1vXWmtME5S9IJlqdBh0G-d0A7OA\/viewform\" target=\"_blank\" rel=\"noopener\"><img loading=\"lazy\" decoding=\"async\" src=\"https:\/\/www.monvillage.cafe\/saintmartinsurecaillon\/wp-content\/uploads\/sites\/2\/2021\/04\/je-minscris.jpg\" alt=\"\" class=\"wp-image-2904\" width=\"411\" height=\"147\"\/><\/a><\/figure><\/div>\n\n\n\n<p><\/p>\n\n\n\n<div class=\"wp-block-image\"><figure class=\"aligncenter size-large is-resized\"><a href=\"https:\/\/www.monvillage.cafe\/saintmartinsurecaillon\/wp-content\/uploads\/sites\/2\/2021\/04\/invitation-petit-dejeuner-numerique-le-jeudi-3-juin-2021.pdf\" target=\"_blank\" rel=\"noopener\"><img loading=\"lazy\" decoding=\"async\" src=\"https:\/\/www.monvillage.cafe\/saintmartinsurecaillon\/wp-content\/uploads\/sites\/2\/2021\/04\/transition-numerique-726x1024.jpg\" alt=\"\" class=\"wp-image-2902\" width=\"780\" height=\"1100\"\/><\/a><\/figure><\/div>\n\n\n\n<hr class=\"wp-block-separator\"\/>\n\n\n\n<div class=\"wp-block-file\"><a href=\"https:\/\/www.monvillage.cafe\/saintmartinsurecaillon\/wp-content\/uploads\/sites\/2\/2021\/04\/invitation-petit-dejeuner-numerique-le-jeudi-3-juin-2021.pdf\">invitation-petit-dejeuner-numerique-le-jeudi-3-juin-2021<\/a><a href=\"https:\/\/www.monvillage.cafe\/saintmartinsurecaillon\/wp-content\/uploads\/sites\/2\/2021\/04\/invitation-petit-dejeuner-numerique-le-jeudi-3-juin-2021.pdf\" class=\"wp-block-file__button\" download>T\u00e9l\u00e9charger<\/a><\/div>\n","protected":false},"excerpt":{"rendered":"<p>Entrepreneurs du XXI\u00e8me si\u00e8cle, la CCPS vous invite \u00e0 un petit d\u00e9jeuner num\u00e9rique le 3 juin prochain \u00e0 La Rose Laiti\u00e8re \u00e0 Saint Martin sur Ecaillon. Vous pouvez prendre connaissance du programme sur le flyer ci-dessous. Vous avez jusqu&rsquo;au 27 mai pour vous inscrire (inscription obligatoire). La p\u00e9riode de pand\u00e9mie que nous vivons actuellement oblige [&hellip;]<\/p>\n","protected":false},"author":1,"featured_media":0,"comment_status":"closed","ping_status":"open","sticky":false,"template":"","format":"standard","meta":{"_et_pb_use_builder":"off","_et_pb_old_content":"","_et_gb_content_width":"","footnotes":""},"categories":[2,4,5,34,16],"tags":[338,173,209,339],"class_list":["post-2900","post","type-post","status-publish","format-standard","hentry","category-ccps","category-divers","category-emploi","category-professionnels","category-votre-village","tag-digital","tag-la-rose-laitiere","tag-numerique","tag-transition"],"_links":{"self":[{"href":"https:\/\/www.monvillage.cafe\/saintmartinsurecaillon\/wp-json\/wp\/v2\/posts\/2900","targetHints":{"allow":["GET"]}}],"collection":[{"href":"https:\/\/www.monvillage.cafe\/saintmartinsurecaillon\/wp-json\/wp\/v2\/posts"}],"about":[{"href":"https:\/\/www.monvillage.cafe\/saintmartinsurecaillon\/wp-json\/wp\/v2\/types\/post"}],"author":[{"embeddable":true,"href":"https:\/\/www.monvillage.cafe\/saintmartinsurecaillon\/wp-json\/wp\/v2\/users\/1"}],"replies":[{"embeddable":true,"href":"https:\/\/www.monvillage.cafe\/saintmartinsurecaillon\/wp-json\/wp\/v2\/comments?post=2900"}],"version-history":[{"count":1,"href":"https:\/\/www.monvillage.cafe\/saintmartinsurecaillon\/wp-json\/wp\/v2\/posts\/2900\/revisions"}],"predecessor-version":[{"id":2905,"href":"https:\/\/www.monvillage.cafe\/saintmartinsurecaillon\/wp-json\/wp\/v2\/posts\/2900\/revisions\/2905"}],"wp:attachment":[{"href":"https:\/\/www.monvillage.cafe\/saintmartinsurecaillon\/wp-json\/wp\/v2\/media?parent=2900"}],"wp:term":[{"taxonomy":"category","embeddable":true,"href":"https:\/\/www.monvillage.cafe\/saintmartinsurecaillon\/wp-json\/wp\/v2\/categories?post=2900"},{"taxonomy":"post_tag","embeddable":true,"href":"https:\/\/www.monvillage.cafe\/saintmartinsurecaillon\/wp-json\/wp\/v2\/tags?post=2900"}],"curies":[{"name":"wp","href":"https:\/\/api.w.org\/{rel}","templated":true}]}}