{"id":2896,"date":"2021-04-28T18:42:40","date_gmt":"2021-04-28T16:42:40","guid":{"rendered":"https:\/\/www.monvillage.cafe\/saintmartinsurecaillon\/?p=2896"},"modified":"2021-04-28T18:42:41","modified_gmt":"2021-04-28T16:42:41","slug":"reseau-arc-en-ciel-modification-de-la-ligne-328","status":"publish","type":"post","link":"https:\/\/www.monvillage.cafe\/saintmartinsurecaillon\/reseau-arc-en-ciel-modification-de-la-ligne-328\/","title":{"rendered":"R\u00e9seau Arc-en-Ciel : modification de la ligne 328"},"content":{"rendered":"\n<p>Vous trouverez ci-joint la nouvelle fiche horaire de la ligne 328 avec la modification suivante\u00a0:<br>sur les courses suivantes\u00a0: 328LA10 \/ 328LA20 \/ 328LA30 \/ 328LA40 \/ 328LA50 \/ 328LA60 \/ 328LA70 \/ 328LA80 3 \/ 328D1A350 \/ 328D1A360 \/ 328D1A420 \/ 328D1A430, <strong>2 min de temps de parcours ont \u00e9t\u00e9 rajout\u00e9s \u00e0 partir de Bertry Mairie<\/strong>.<\/p>\n\n\n\n<p>Vous pouvez prendre connaissance ci-dessous des fiches horaires<\/p>\n\n\n\n<hr class=\"wp-block-separator\"\/>\n\n\n\n<div class=\"wp-block-file\"><a href=\"https:\/\/www.monvillage.cafe\/saintmartinsurecaillon\/wp-content\/uploads\/sites\/2\/2021\/04\/Changement-horaires-bertry-ligne-328.pdf\">Changement-horaires-bertry-ligne-328<\/a><a href=\"https:\/\/www.monvillage.cafe\/saintmartinsurecaillon\/wp-content\/uploads\/sites\/2\/2021\/04\/Changement-horaires-bertry-ligne-328.pdf\" class=\"wp-block-file__button\" download>T\u00e9l\u00e9charger<\/a><\/div>\n\n\n\n<div class=\"wp-block-file\"><a href=\"https:\/\/www.monvillage.cafe\/saintmartinsurecaillon\/wp-content\/uploads\/sites\/2\/2021\/04\/FH-P3B-328.xlsx\">FH-P3B-328<\/a><a href=\"https:\/\/www.monvillage.cafe\/saintmartinsurecaillon\/wp-content\/uploads\/sites\/2\/2021\/04\/FH-P3B-328.xlsx\" class=\"wp-block-file__button\" download>T\u00e9l\u00e9charger<\/a><\/div>\n","protected":false},"excerpt":{"rendered":"<p>Vous trouverez ci-joint la nouvelle fiche horaire de la ligne 328 avec la modification suivante\u00a0:sur les courses suivantes\u00a0: 328LA10 \/ 328LA20 \/ 328LA30 \/ 328LA40 \/ 328LA50 \/ 328LA60 \/ 328LA70 \/ 328LA80 3 \/ 328D1A350 \/ 328D1A360 \/ 328D1A420 \/ 328D1A430, 2 min de temps de parcours ont \u00e9t\u00e9 rajout\u00e9s \u00e0 partir de Bertry [&hellip;]<\/p>\n","protected":false},"author":1,"featured_media":0,"comment_status":"closed","ping_status":"open","sticky":false,"template":"","format":"standard","meta":{"_et_pb_use_builder":"off","_et_pb_old_content":"","_et_gb_content_width":"","footnotes":""},"categories":[4,14],"tags":[119,117],"class_list":["post-2896","post","type-post","status-publish","format-standard","hentry","category-divers","category-transport","tag-bus","tag-reseau-arc-en-ciel"],"_links":{"self":[{"href":"https:\/\/www.monvillage.cafe\/saintmartinsurecaillon\/wp-json\/wp\/v2\/posts\/2896","targetHints":{"allow":["GET"]}}],"collection":[{"href":"https:\/\/www.monvillage.cafe\/saintmartinsurecaillon\/wp-json\/wp\/v2\/posts"}],"about":[{"href":"https:\/\/www.monvillage.cafe\/saintmartinsurecaillon\/wp-json\/wp\/v2\/types\/post"}],"author":[{"embeddable":true,"href":"https:\/\/www.monvillage.cafe\/saintmartinsurecaillon\/wp-json\/wp\/v2\/users\/1"}],"replies":[{"embeddable":true,"href":"https:\/\/www.monvillage.cafe\/saintmartinsurecaillon\/wp-json\/wp\/v2\/comments?post=2896"}],"version-history":[{"count":1,"href":"https:\/\/www.monvillage.cafe\/saintmartinsurecaillon\/wp-json\/wp\/v2\/posts\/2896\/revisions"}],"predecessor-version":[{"id":2899,"href":"https:\/\/www.monvillage.cafe\/saintmartinsurecaillon\/wp-json\/wp\/v2\/posts\/2896\/revisions\/2899"}],"wp:attachment":[{"href":"https:\/\/www.monvillage.cafe\/saintmartinsurecaillon\/wp-json\/wp\/v2\/media?parent=2896"}],"wp:term":[{"taxonomy":"category","embeddable":true,"href":"https:\/\/www.monvillage.cafe\/saintmartinsurecaillon\/wp-json\/wp\/v2\/categories?post=2896"},{"taxonomy":"post_tag","embeddable":true,"href":"https:\/\/www.monvillage.cafe\/saintmartinsurecaillon\/wp-json\/wp\/v2\/tags?post=2896"}],"curies":[{"name":"wp","href":"https:\/\/api.w.org\/{rel}","templated":true}]}}