{"id":2880,"date":"2021-04-27T08:52:24","date_gmt":"2021-04-27T06:52:24","guid":{"rendered":"https:\/\/www.monvillage.cafe\/saintmartinsurecaillon\/?p=2880"},"modified":"2021-04-27T08:52:25","modified_gmt":"2021-04-27T06:52:25","slug":"centres-de-vaccination-covid-19","status":"publish","type":"post","link":"https:\/\/www.monvillage.cafe\/saintmartinsurecaillon\/centres-de-vaccination-covid-19\/","title":{"rendered":"Centres de vaccination COVID-19"},"content":{"rendered":"\n<p>Dans le cadre de la lutte contre la propagation du virus SARS-CoV2, des centres de vaccination sont implant\u00e9s sur tous le territoire du d\u00e9partement du Nord. Veuillez prendre connaissance des deux arr\u00eat\u00e9s pr\u00e9fectoraux d\u00e9finissant les centres \u00ab\u00a0sp\u00e9cialis\u00e9s\u00a0\u00bb de vaccination ainsi que les centres \u00ab\u00a0temporaires\u00a0\u00bb.<\/p>\n\n\n\n<p>Cliquez sur la premi\u00e8re page de chacun des arr\u00eat\u00e9s pour acc\u00e9der \u00e0 l&rsquo;int\u00e9gralit\u00e9 du document.<\/p>\n\n\n\n<p class=\"has-text-align-center\"><strong><em><span class=\"has-inline-color has-vivid-red-color\">Arr\u00eat\u00e9s d\u00e9signant les centres sp\u00e9cialis\u00e9s, ci-dessous<\/span><\/em><\/strong><\/p>\n\n\n\n<div class=\"wp-block-image\"><figure class=\"aligncenter size-large is-resized\"><a href=\"https:\/\/www.monvillage.cafe\/saintmartinsurecaillon\/wp-content\/uploads\/sites\/2\/2021\/04\/260421-P059-20210423-Centres_Vaccinations-59.pdf\" target=\"_blank\" rel=\"noopener\"><img loading=\"lazy\" decoding=\"async\" src=\"https:\/\/www.monvillage.cafe\/saintmartinsurecaillon\/wp-content\/uploads\/sites\/2\/2021\/04\/centres-vaccination-fixes-726x1024.jpg\" alt=\"\" class=\"wp-image-2881\" width=\"726\" height=\"1024\"\/><\/a><\/figure><\/div>\n\n\n\n<p class=\"has-text-align-center\"><strong><em><span class=\"has-inline-color has-vivid-red-color\">Arr\u00eat\u00e9s d\u00e9signation des centres temporaires, ci-dessous<\/span><\/em><\/strong><\/p>\n\n\n\n<div class=\"wp-block-image\"><figure class=\"aligncenter size-large\"><a href=\"https:\/\/www.monvillage.cafe\/saintmartinsurecaillon\/wp-content\/uploads\/sites\/2\/2021\/04\/260421-P059-20210423-Centres_Vaccinations-Temporaires-59.pdf\"><img loading=\"lazy\" decoding=\"async\" width=\"726\" height=\"1024\" src=\"https:\/\/www.monvillage.cafe\/saintmartinsurecaillon\/wp-content\/uploads\/sites\/2\/2021\/04\/centres-vaccination-temporaires-726x1024.jpg\" alt=\"\" class=\"wp-image-2882\"\/><\/a><\/figure><\/div>\n\n\n\n<hr class=\"wp-block-separator\"\/>\n\n\n\n<div class=\"wp-block-file\"><a href=\"https:\/\/www.monvillage.cafe\/saintmartinsurecaillon\/wp-content\/uploads\/sites\/2\/2021\/04\/260421-P059-20210423-Centres_Vaccinations-59.pdf\">260421-P059-20210423-Centres_Vaccinations-59<\/a><a href=\"https:\/\/www.monvillage.cafe\/saintmartinsurecaillon\/wp-content\/uploads\/sites\/2\/2021\/04\/260421-P059-20210423-Centres_Vaccinations-59.pdf\" class=\"wp-block-file__button\" download>T\u00e9l\u00e9charger<\/a><\/div>\n\n\n\n<div class=\"wp-block-file\"><a href=\"https:\/\/www.monvillage.cafe\/saintmartinsurecaillon\/wp-content\/uploads\/sites\/2\/2021\/04\/260421-P059-20210423-Centres_Vaccinations-Temporaires-59.pdf\">260421-P059-20210423-Centres_Vaccinations-Temporaires-59<\/a><a href=\"https:\/\/www.monvillage.cafe\/saintmartinsurecaillon\/wp-content\/uploads\/sites\/2\/2021\/04\/260421-P059-20210423-Centres_Vaccinations-Temporaires-59.pdf\" class=\"wp-block-file__button\" download>T\u00e9l\u00e9charger<\/a><\/div>\n","protected":false},"excerpt":{"rendered":"<p>Dans le cadre de la lutte contre la propagation du virus SARS-CoV2, des centres de vaccination sont implant\u00e9s sur tous le territoire du d\u00e9partement du Nord. Veuillez prendre connaissance des deux arr\u00eat\u00e9s pr\u00e9fectoraux d\u00e9finissant les centres \u00ab\u00a0sp\u00e9cialis\u00e9s\u00a0\u00bb de vaccination ainsi que les centres \u00ab\u00a0temporaires\u00a0\u00bb. Cliquez sur la premi\u00e8re page de chacun des arr\u00eat\u00e9s pour acc\u00e9der [&hellip;]<\/p>\n","protected":false},"author":1,"featured_media":0,"comment_status":"closed","ping_status":"open","sticky":false,"template":"","format":"standard","meta":{"_et_pb_use_builder":"off","_et_pb_old_content":"","_et_gb_content_width":"","footnotes":""},"categories":[20,4,6,9,12,13],"tags":[215,297],"class_list":["post-2880","post","type-post","status-publish","format-standard","hentry","category-arretes-prefectoraux","category-divers","category-gestion-de-crise","category-institutionnel","category-sante","category-coronavirus","tag-vaccin","tag-vaccination"],"_links":{"self":[{"href":"https:\/\/www.monvillage.cafe\/saintmartinsurecaillon\/wp-json\/wp\/v2\/posts\/2880","targetHints":{"allow":["GET"]}}],"collection":[{"href":"https:\/\/www.monvillage.cafe\/saintmartinsurecaillon\/wp-json\/wp\/v2\/posts"}],"about":[{"href":"https:\/\/www.monvillage.cafe\/saintmartinsurecaillon\/wp-json\/wp\/v2\/types\/post"}],"author":[{"embeddable":true,"href":"https:\/\/www.monvillage.cafe\/saintmartinsurecaillon\/wp-json\/wp\/v2\/users\/1"}],"replies":[{"embeddable":true,"href":"https:\/\/www.monvillage.cafe\/saintmartinsurecaillon\/wp-json\/wp\/v2\/comments?post=2880"}],"version-history":[{"count":1,"href":"https:\/\/www.monvillage.cafe\/saintmartinsurecaillon\/wp-json\/wp\/v2\/posts\/2880\/revisions"}],"predecessor-version":[{"id":2885,"href":"https:\/\/www.monvillage.cafe\/saintmartinsurecaillon\/wp-json\/wp\/v2\/posts\/2880\/revisions\/2885"}],"wp:attachment":[{"href":"https:\/\/www.monvillage.cafe\/saintmartinsurecaillon\/wp-json\/wp\/v2\/media?parent=2880"}],"wp:term":[{"taxonomy":"category","embeddable":true,"href":"https:\/\/www.monvillage.cafe\/saintmartinsurecaillon\/wp-json\/wp\/v2\/categories?post=2880"},{"taxonomy":"post_tag","embeddable":true,"href":"https:\/\/www.monvillage.cafe\/saintmartinsurecaillon\/wp-json\/wp\/v2\/tags?post=2880"}],"curies":[{"name":"wp","href":"https:\/\/api.w.org\/{rel}","templated":true}]}}