{"id":2872,"date":"2021-04-24T08:07:09","date_gmt":"2021-04-24T06:07:09","guid":{"rendered":"https:\/\/www.monvillage.cafe\/saintmartinsurecaillon\/?p=2872"},"modified":"2021-04-24T08:07:11","modified_gmt":"2021-04-24T06:07:11","slug":"grippe-aviaire-en-belgique","status":"publish","type":"post","link":"https:\/\/www.monvillage.cafe\/saintmartinsurecaillon\/grippe-aviaire-en-belgique\/","title":{"rendered":"Grippe aviaire en Belgique"},"content":{"rendered":"\n<p>DDPP 59\/SPAE-SV (Service Sant\u00e9 et Protection des Animaux et de l&rsquo;Environnement) nous informe : <\/p>\n\n\n\n<blockquote class=\"wp-block-quote is-layout-flow wp-block-quote-is-layout-flow\"><p>Je vous informe que la Belgique est de nouveau touch\u00e9e par la grippe aviaire et que\u00a0 des canards ou d&rsquo;autres volailles ont pu \u00eatre vendus \u00e0 des particuliers sur le territoire fran\u00e7ais. Aussi je vous demande d&rsquo;attirer l&rsquo;attention de vos concitoyens en leur demandant\u00a0 d&rsquo;\u00eatre vigilant et de consulter leur v\u00e9t\u00e9rinaire au moindre signe \u00e9vocateur de grippe aviaire. Vous voudrez leur rappeler que les d\u00e9tenteurs sont oblig\u00e9s de se d\u00e9clarer en mairie et que toutes les volailles doivent \u00eatre claustr\u00e9es ou mises sous filet. Vous trouverez ci-joint un document r\u00e9capitulant ces mesures.<br>Je reste \u00e0 votre disposition pour tout renseignement compl\u00e9mentaire et vous prie d&rsquo;agr\u00e9er, Madame, Monsieur le Maire, mes salutations distingu\u00e9es<\/p><\/blockquote>\n\n\n\n<div class=\"wp-block-image\"><figure class=\"aligncenter size-large is-resized\"><a href=\"https:\/\/www.monvillage.cafe\/saintmartinsurecaillon\/wp-content\/uploads\/sites\/2\/2021\/04\/infomairie-grippe-aviaire.pdf\" target=\"_blank\" rel=\"noopener\"><img loading=\"lazy\" decoding=\"async\" src=\"https:\/\/www.monvillage.cafe\/saintmartinsurecaillon\/wp-content\/uploads\/sites\/2\/2021\/04\/grippe-aviaire-754x1024.jpg\" alt=\"\" class=\"wp-image-2873\" width=\"826\" height=\"1120\" srcset=\"https:\/\/www.monvillage.cafe\/saintmartinsurecaillon\/wp-content\/uploads\/sites\/2\/2021\/04\/grippe-aviaire-754x1024.jpg 826w, https:\/\/www.monvillage.cafe\/saintmartinsurecaillon\/wp-content\/uploads\/sites\/2\/2021\/04\/grippe-aviaire-480x652.jpg 480w\" sizes=\"(min-width: 0px) and (max-width: 480px) 480px, (min-width: 481px) 826px, 100vw\" \/><\/a><\/figure><\/div>\n\n\n\n<hr class=\"wp-block-separator\"\/>\n\n\n\n<div class=\"wp-block-file\"><a href=\"https:\/\/www.monvillage.cafe\/saintmartinsurecaillon\/wp-content\/uploads\/sites\/2\/2021\/04\/infomairie-grippe-aviaire.pdf\">infomairie-grippe-aviaire<\/a><a href=\"https:\/\/www.monvillage.cafe\/saintmartinsurecaillon\/wp-content\/uploads\/sites\/2\/2021\/04\/infomairie-grippe-aviaire.pdf\" class=\"wp-block-file__button\" download>T\u00e9l\u00e9charger<\/a><\/div>\n","protected":false},"excerpt":{"rendered":"<p>DDPP 59\/SPAE-SV (Service Sant\u00e9 et Protection des Animaux et de l&rsquo;Environnement) nous informe : Je vous informe que la Belgique est de nouveau touch\u00e9e par la grippe aviaire et que\u00a0 des canards ou d&rsquo;autres volailles ont pu \u00eatre vendus \u00e0 des particuliers sur le territoire fran\u00e7ais. Aussi je vous demande d&rsquo;attirer l&rsquo;attention de vos concitoyens [&hellip;]<\/p>\n","protected":false},"author":1,"featured_media":0,"comment_status":"closed","ping_status":"open","sticky":false,"template":"","format":"standard","meta":{"_et_pb_use_builder":"off","_et_pb_old_content":"","_et_gb_content_width":"","footnotes":""},"categories":[6,12],"tags":[246],"class_list":["post-2872","post","type-post","status-publish","format-standard","hentry","category-gestion-de-crise","category-sante","tag-grippe-aviaire"],"_links":{"self":[{"href":"https:\/\/www.monvillage.cafe\/saintmartinsurecaillon\/wp-json\/wp\/v2\/posts\/2872","targetHints":{"allow":["GET"]}}],"collection":[{"href":"https:\/\/www.monvillage.cafe\/saintmartinsurecaillon\/wp-json\/wp\/v2\/posts"}],"about":[{"href":"https:\/\/www.monvillage.cafe\/saintmartinsurecaillon\/wp-json\/wp\/v2\/types\/post"}],"author":[{"embeddable":true,"href":"https:\/\/www.monvillage.cafe\/saintmartinsurecaillon\/wp-json\/wp\/v2\/users\/1"}],"replies":[{"embeddable":true,"href":"https:\/\/www.monvillage.cafe\/saintmartinsurecaillon\/wp-json\/wp\/v2\/comments?post=2872"}],"version-history":[{"count":1,"href":"https:\/\/www.monvillage.cafe\/saintmartinsurecaillon\/wp-json\/wp\/v2\/posts\/2872\/revisions"}],"predecessor-version":[{"id":2875,"href":"https:\/\/www.monvillage.cafe\/saintmartinsurecaillon\/wp-json\/wp\/v2\/posts\/2872\/revisions\/2875"}],"wp:attachment":[{"href":"https:\/\/www.monvillage.cafe\/saintmartinsurecaillon\/wp-json\/wp\/v2\/media?parent=2872"}],"wp:term":[{"taxonomy":"category","embeddable":true,"href":"https:\/\/www.monvillage.cafe\/saintmartinsurecaillon\/wp-json\/wp\/v2\/categories?post=2872"},{"taxonomy":"post_tag","embeddable":true,"href":"https:\/\/www.monvillage.cafe\/saintmartinsurecaillon\/wp-json\/wp\/v2\/tags?post=2872"}],"curies":[{"name":"wp","href":"https:\/\/api.w.org\/{rel}","templated":true}]}}