{"id":2818,"date":"2021-04-01T17:42:06","date_gmt":"2021-04-01T15:42:06","guid":{"rendered":"https:\/\/www.monvillage.cafe\/saintmartinsurecaillon\/?p=2818"},"modified":"2021-04-01T17:42:06","modified_gmt":"2021-04-01T15:42:06","slug":"point-circulation-reseau-arc-en-ciel","status":"publish","type":"post","link":"https:\/\/www.monvillage.cafe\/saintmartinsurecaillon\/point-circulation-reseau-arc-en-ciel\/","title":{"rendered":"Point circulation R\u00e9seau Arc en Ciel"},"content":{"rendered":"\n<p>En raison du renforcement des mesures de freinage de l\u2019\u00e9pid\u00e9mie \u00e0 la covid-19, nous vous informons que le r\u00e9seau Arc en Ciel p\u00e9rim\u00e8tre Avesnois \u00a0fonctionnera en p\u00e9riode de vacances scolaires \u00e0 compter du 5 avril 2021. Vous pouvez retrouver les horaires sur le site web\u00a0<a rel=\"noreferrer noopener\" href=\"http:\/\/arcenciel.hautsdefrance.fr\/\" target=\"_blank\">arcenciel.hautsdefrance.fr<\/a>. L\u2019agence commerciale se tient \u00e0 votre disposition pour des renseignements sur les services de lignes r\u00e9guli\u00e8res qui circuleront\u00a0(tel\u00a0: 03.27.61.52.53).\u00a0<\/p>\n\n\n\n<div class=\"wp-block-image\"><figure class=\"aligncenter size-large is-resized\"><img loading=\"lazy\" decoding=\"async\" src=\"https:\/\/www.monvillage.cafe\/saintmartinsurecaillon\/wp-content\/uploads\/sites\/2\/2021\/04\/1200px-Logo_du_reseau_Arc-en-Ciel_depuis_le_1er_septembre_2017.svg_-1024x505.png\" alt=\"\" class=\"wp-image-2819\" width=\"310\" height=\"152\"\/><\/figure><\/div>\n","protected":false},"excerpt":{"rendered":"<p>En raison du renforcement des mesures de freinage de l\u2019\u00e9pid\u00e9mie \u00e0 la covid-19, nous vous informons que le r\u00e9seau Arc en Ciel p\u00e9rim\u00e8tre Avesnois \u00a0fonctionnera en p\u00e9riode de vacances scolaires \u00e0 compter du 5 avril 2021. Vous pouvez retrouver les horaires sur le site web\u00a0arcenciel.hautsdefrance.fr. L\u2019agence commerciale se tient \u00e0 votre disposition pour des renseignements [&hellip;]<\/p>\n","protected":false},"author":1,"featured_media":0,"comment_status":"closed","ping_status":"open","sticky":false,"template":"","format":"standard","meta":{"_et_pb_use_builder":"off","_et_pb_old_content":"","_et_gb_content_width":"","footnotes":""},"categories":[4,14],"tags":[120,117],"class_list":["post-2818","post","type-post","status-publish","format-standard","hentry","category-divers","category-transport","tag-bus-scolaire","tag-reseau-arc-en-ciel"],"_links":{"self":[{"href":"https:\/\/www.monvillage.cafe\/saintmartinsurecaillon\/wp-json\/wp\/v2\/posts\/2818","targetHints":{"allow":["GET"]}}],"collection":[{"href":"https:\/\/www.monvillage.cafe\/saintmartinsurecaillon\/wp-json\/wp\/v2\/posts"}],"about":[{"href":"https:\/\/www.monvillage.cafe\/saintmartinsurecaillon\/wp-json\/wp\/v2\/types\/post"}],"author":[{"embeddable":true,"href":"https:\/\/www.monvillage.cafe\/saintmartinsurecaillon\/wp-json\/wp\/v2\/users\/1"}],"replies":[{"embeddable":true,"href":"https:\/\/www.monvillage.cafe\/saintmartinsurecaillon\/wp-json\/wp\/v2\/comments?post=2818"}],"version-history":[{"count":1,"href":"https:\/\/www.monvillage.cafe\/saintmartinsurecaillon\/wp-json\/wp\/v2\/posts\/2818\/revisions"}],"predecessor-version":[{"id":2820,"href":"https:\/\/www.monvillage.cafe\/saintmartinsurecaillon\/wp-json\/wp\/v2\/posts\/2818\/revisions\/2820"}],"wp:attachment":[{"href":"https:\/\/www.monvillage.cafe\/saintmartinsurecaillon\/wp-json\/wp\/v2\/media?parent=2818"}],"wp:term":[{"taxonomy":"category","embeddable":true,"href":"https:\/\/www.monvillage.cafe\/saintmartinsurecaillon\/wp-json\/wp\/v2\/categories?post=2818"},{"taxonomy":"post_tag","embeddable":true,"href":"https:\/\/www.monvillage.cafe\/saintmartinsurecaillon\/wp-json\/wp\/v2\/tags?post=2818"}],"curies":[{"name":"wp","href":"https:\/\/api.w.org\/{rel}","templated":true}]}}