{"id":2803,"date":"2021-03-30T14:14:31","date_gmt":"2021-03-30T12:14:31","guid":{"rendered":"https:\/\/www.monvillage.cafe\/saintmartinsurecaillon\/?p=2803"},"modified":"2021-03-30T14:14:32","modified_gmt":"2021-03-30T12:14:32","slug":"calendrier-des-permanences-davril-mai-et-juin-2021-du-camion-bleu-france-services-du-cambresis","status":"publish","type":"post","link":"https:\/\/www.monvillage.cafe\/saintmartinsurecaillon\/calendrier-des-permanences-davril-mai-et-juin-2021-du-camion-bleu-france-services-du-cambresis\/","title":{"rendered":"Calendrier des permanences d\u2019avril, mai et juin 2021 du Camion bleu France Services du Cambr\u00e9sis"},"content":{"rendered":"\n<div class=\"wp-block-image\"><figure class=\"aligncenter size-large\"><img loading=\"lazy\" decoding=\"async\" width=\"600\" height=\"248\" src=\"https:\/\/www.monvillage.cafe\/saintmartinsurecaillon\/wp-content\/uploads\/sites\/2\/2021\/03\/camion-bleu.jpg\" alt=\"\" class=\"wp-image-2804\" srcset=\"https:\/\/www.monvillage.cafe\/saintmartinsurecaillon\/wp-content\/uploads\/sites\/2\/2021\/03\/camion-bleu.jpg 600w, https:\/\/www.monvillage.cafe\/saintmartinsurecaillon\/wp-content\/uploads\/sites\/2\/2021\/03\/camion-bleu-480x198.jpg 480w\" sizes=\"(min-width: 0px) and (max-width: 480px) 480px, (min-width: 481px) 600px, 100vw\" \/><\/figure><\/div>\n\n\n\n<p>Madame, Monsieur,<\/p>\n\n\n\n<p>J\u2019ai le plaisir de vous adresser le calendrier rassemblant les dates de passage du Camion bleu France Services du Cambr\u00e9sis pour les mois d\u2019avril, mai et juin 2021. Gr\u00e2ce \u00e0 ce calendrier trimestriel, vous serez inform\u00e9s des prochains lieux de permanence soit directement dans une des communes de votre territoire, soit dans une commune \u00e0 proximit\u00e9.<\/p>\n\n\n\n<p>Je tenais \u00e9galement \u00e0 vous pr\u00e9ciser que le Camion bleu France Services du Cambr\u00e9sis poursuit son itin\u00e9rance pendant ce nouveau confinement.<\/p>\n\n\n\n<p><strong>Jean-Ren\u00e9 LECERF<\/strong><br>Pr\u00e9sident du D\u00e9partement du Nord<\/p>\n\n\n\n<div class=\"wp-block-image\"><figure class=\"aligncenter size-large\"><a href=\"https:\/\/lenord.fr\/jcms\/j_6\/accueil\" target=\"_blank\" rel=\"noopener\"><img loading=\"lazy\" decoding=\"async\" width=\"200\" height=\"80\" src=\"https:\/\/www.monvillage.cafe\/saintmartinsurecaillon\/wp-content\/uploads\/sites\/2\/2021\/03\/nord.png\" alt=\"\" class=\"wp-image-2805\"\/><\/a><\/figure><\/div>\n\n\n\n<figure class=\"wp-block-image size-large is-resized\"><a href=\"https:\/\/www.monvillage.cafe\/saintmartinsurecaillon\/wp-content\/uploads\/sites\/2\/2021\/03\/camion_bleu_du_cambresis_-_calendrier_-_avril-mai-juin-2021_2021-03-25_14-38-42_296.pdf\" target=\"_blank\" rel=\"noopener\"><img loading=\"lazy\" decoding=\"async\" src=\"https:\/\/www.monvillage.cafe\/saintmartinsurecaillon\/wp-content\/uploads\/sites\/2\/2021\/03\/camion-bleu-calendrier-729x1024.jpg\" alt=\"\" class=\"wp-image-2806\" width=\"817\" height=\"1148\"\/><\/a><\/figure>\n\n\n\n<hr class=\"wp-block-separator\"\/>\n\n\n\n<div class=\"wp-block-file\"><a href=\"https:\/\/www.monvillage.cafe\/saintmartinsurecaillon\/wp-content\/uploads\/sites\/2\/2021\/03\/camion_bleu_du_cambresis_-_calendrier_-_avril-mai-juin-2021_2021-03-25_14-38-42_296.pdf\">camion_bleu_du_cambresis_-_calendrier_-_avril-mai-juin-2021_2021-03-25_14-38-42_296<\/a><a href=\"https:\/\/www.monvillage.cafe\/saintmartinsurecaillon\/wp-content\/uploads\/sites\/2\/2021\/03\/camion_bleu_du_cambresis_-_calendrier_-_avril-mai-juin-2021_2021-03-25_14-38-42_296.pdf\" class=\"wp-block-file__button\" download>T\u00e9l\u00e9charger<\/a><\/div>\n","protected":false},"excerpt":{"rendered":"<p>Madame, Monsieur, J\u2019ai le plaisir de vous adresser le calendrier rassemblant les dates de passage du Camion bleu France Services du Cambr\u00e9sis pour les mois d\u2019avril, mai et juin 2021. Gr\u00e2ce \u00e0 ce calendrier trimestriel, vous serez inform\u00e9s des prochains lieux de permanence soit directement dans une des communes de votre territoire, soit dans une [&hellip;]<\/p>\n","protected":false},"author":1,"featured_media":0,"comment_status":"closed","ping_status":"open","sticky":false,"template":"","format":"standard","meta":{"_et_pb_use_builder":"off","_et_pb_old_content":"","_et_gb_content_width":"","footnotes":""},"categories":[4,39,15],"tags":[225,328,223],"class_list":["post-2803","post","type-post","status-publish","format-standard","hentry","category-divers","category-vos-demarches","category-mairie","tag-cambresis","tag-departement-du-nord","tag-france-services"],"_links":{"self":[{"href":"https:\/\/www.monvillage.cafe\/saintmartinsurecaillon\/wp-json\/wp\/v2\/posts\/2803","targetHints":{"allow":["GET"]}}],"collection":[{"href":"https:\/\/www.monvillage.cafe\/saintmartinsurecaillon\/wp-json\/wp\/v2\/posts"}],"about":[{"href":"https:\/\/www.monvillage.cafe\/saintmartinsurecaillon\/wp-json\/wp\/v2\/types\/post"}],"author":[{"embeddable":true,"href":"https:\/\/www.monvillage.cafe\/saintmartinsurecaillon\/wp-json\/wp\/v2\/users\/1"}],"replies":[{"embeddable":true,"href":"https:\/\/www.monvillage.cafe\/saintmartinsurecaillon\/wp-json\/wp\/v2\/comments?post=2803"}],"version-history":[{"count":1,"href":"https:\/\/www.monvillage.cafe\/saintmartinsurecaillon\/wp-json\/wp\/v2\/posts\/2803\/revisions"}],"predecessor-version":[{"id":2808,"href":"https:\/\/www.monvillage.cafe\/saintmartinsurecaillon\/wp-json\/wp\/v2\/posts\/2803\/revisions\/2808"}],"wp:attachment":[{"href":"https:\/\/www.monvillage.cafe\/saintmartinsurecaillon\/wp-json\/wp\/v2\/media?parent=2803"}],"wp:term":[{"taxonomy":"category","embeddable":true,"href":"https:\/\/www.monvillage.cafe\/saintmartinsurecaillon\/wp-json\/wp\/v2\/categories?post=2803"},{"taxonomy":"post_tag","embeddable":true,"href":"https:\/\/www.monvillage.cafe\/saintmartinsurecaillon\/wp-json\/wp\/v2\/tags?post=2803"}],"curies":[{"name":"wp","href":"https:\/\/api.w.org\/{rel}","templated":true}]}}