{"id":2784,"date":"2021-03-23T16:40:00","date_gmt":"2021-03-23T15:40:00","guid":{"rendered":"https:\/\/www.monvillage.cafe\/saintmartinsurecaillon\/?p=2784"},"modified":"2021-03-23T16:40:02","modified_gmt":"2021-03-23T15:40:02","slug":"lutte-contre-le-decrochage-scolaire","status":"publish","type":"post","link":"https:\/\/www.monvillage.cafe\/saintmartinsurecaillon\/lutte-contre-le-decrochage-scolaire\/","title":{"rendered":"Lutte contre le d\u00e9crochage scolaire"},"content":{"rendered":"\n<div class=\"wp-block-image\"><figure class=\"aligncenter size-large\"><img loading=\"lazy\" decoding=\"async\" width=\"700\" height=\"1024\" src=\"https:\/\/www.monvillage.cafe\/saintmartinsurecaillon\/wp-content\/uploads\/sites\/2\/2021\/03\/1jeune1solution-700x1024.jpg\" alt=\"\" class=\"wp-image-2785\" srcset=\"https:\/\/www.monvillage.cafe\/saintmartinsurecaillon\/wp-content\/uploads\/sites\/2\/2021\/03\/1jeune1solution-700x1024.jpg 700w, https:\/\/www.monvillage.cafe\/saintmartinsurecaillon\/wp-content\/uploads\/sites\/2\/2021\/03\/1jeune1solution-480x702.jpg 480w\" sizes=\"(min-width: 0px) and (max-width: 480px) 480px, (min-width: 481px) 700px, 100vw\" \/><\/figure><\/div>\n\n\n\n<p>Depuis la rentr\u00e9e 2020, afin qu&rsquo;aucun jeune ne soit laiss\u00e9 dans une situation o\u00f9 il ne serait ni en \u00e9tudes, ni en formation, ni en emploi, <strong>l&rsquo;obligation de se former est prolong\u00e9e jusqu&rsquo;\u00e0 l&rsquo;\u00e2ge de 18 ans. <\/strong>En effet, cette situation touche plus de <strong>12 000 mineurs dans les Hauts-de-France<\/strong>, repr\u00e9sentant pr\u00e8s de <strong>8&nbsp;% de cette classe d\u2019age<\/strong>, soit la plus forte proportion constat\u00e9e par rapport aux autres r\u00e9gions de France.<\/p>\n\n\n\n<p>Le Gouvernement lance donc une <strong>campagne d\u2019information et d\u2019accompagnement \u00e0 destination des acteurs professionnels, <\/strong>avec <strong>un kit de communication<\/strong> \u00e0 destination du grand public.<\/p>\n\n\n\n<p><strong>Un num\u00e9ro gratuit <\/strong>d\u00e9di\u00e9 aux <strong>16-18 ans qui ne sont ni en \u00e9tudes, ni en formation, ni en emploi <\/strong>a \u00e9galement \u00e9t\u00e9 mis en place afin de <strong>r\u00e9pondre aux interrogations des jeunes <\/strong>et de <strong>leur famille, de les informer et de les orienter&nbsp;: 0 800 122 500.<\/strong><\/p>\n\n\n\n<p>Le succ\u00e8s de cette mesure d\u00e9pend tr\u00e8s largement de <strong>votre capacit\u00e9 \u00e0 relayer ces informations&nbsp;!<\/strong> De fait, vous \u00eates un <strong>relai essentiel<\/strong> \u00e0 cette campagne d\u2019information et d\u2019accompagnement aupr\u00e8s des jeunes en d\u00e9crochage et de leurs proches.<\/p>\n\n\n\n<p>Vous trouverez donc ci-joint un <strong>kit de communication<\/strong> comprenant affichette, d\u00e9pliant, posts et vignettes r\u00e9seaux sociaux, article pr\u00e9-r\u00e9dig\u00e9, flyer, infographies, \u00e0 votre disposition.<\/p>\n\n\n\n<p><strong>MOBILISONS NOUS !<\/strong><\/p>\n\n\n\n<p><em>20 janv. 2021 &#8211; Xavier DOHY<\/em><\/p>\n\n\n\n<p><a href=\"https:\/\/www.1jeune1solution.gouv.fr\/\" target=\"_blank\" rel=\"noreferrer noopener\">https:\/\/www.1jeune1solution.gouv.fr\/<\/a><\/p>\n","protected":false},"excerpt":{"rendered":"<p>Depuis la rentr\u00e9e 2020, afin qu&rsquo;aucun jeune ne soit laiss\u00e9 dans une situation o\u00f9 il ne serait ni en \u00e9tudes, ni en formation, ni en emploi, l&rsquo;obligation de se former est prolong\u00e9e jusqu&rsquo;\u00e0 l&rsquo;\u00e2ge de 18 ans. En effet, cette situation touche plus de 12 000 mineurs dans les Hauts-de-France, repr\u00e9sentant pr\u00e8s de 8&nbsp;% de [&hellip;]<\/p>\n","protected":false},"author":1,"featured_media":0,"comment_status":"closed","ping_status":"open","sticky":false,"template":"","format":"standard","meta":{"_et_pb_use_builder":"off","_et_pb_old_content":"","_et_gb_content_width":"","footnotes":""},"categories":[4,5,311],"tags":[326],"class_list":["post-2784","post","type-post","status-publish","format-standard","hentry","category-divers","category-emploi","category-enseignement","tag-1jeune1solution"],"_links":{"self":[{"href":"https:\/\/www.monvillage.cafe\/saintmartinsurecaillon\/wp-json\/wp\/v2\/posts\/2784","targetHints":{"allow":["GET"]}}],"collection":[{"href":"https:\/\/www.monvillage.cafe\/saintmartinsurecaillon\/wp-json\/wp\/v2\/posts"}],"about":[{"href":"https:\/\/www.monvillage.cafe\/saintmartinsurecaillon\/wp-json\/wp\/v2\/types\/post"}],"author":[{"embeddable":true,"href":"https:\/\/www.monvillage.cafe\/saintmartinsurecaillon\/wp-json\/wp\/v2\/users\/1"}],"replies":[{"embeddable":true,"href":"https:\/\/www.monvillage.cafe\/saintmartinsurecaillon\/wp-json\/wp\/v2\/comments?post=2784"}],"version-history":[{"count":1,"href":"https:\/\/www.monvillage.cafe\/saintmartinsurecaillon\/wp-json\/wp\/v2\/posts\/2784\/revisions"}],"predecessor-version":[{"id":2786,"href":"https:\/\/www.monvillage.cafe\/saintmartinsurecaillon\/wp-json\/wp\/v2\/posts\/2784\/revisions\/2786"}],"wp:attachment":[{"href":"https:\/\/www.monvillage.cafe\/saintmartinsurecaillon\/wp-json\/wp\/v2\/media?parent=2784"}],"wp:term":[{"taxonomy":"category","embeddable":true,"href":"https:\/\/www.monvillage.cafe\/saintmartinsurecaillon\/wp-json\/wp\/v2\/categories?post=2784"},{"taxonomy":"post_tag","embeddable":true,"href":"https:\/\/www.monvillage.cafe\/saintmartinsurecaillon\/wp-json\/wp\/v2\/tags?post=2784"}],"curies":[{"name":"wp","href":"https:\/\/api.w.org\/{rel}","templated":true}]}}