{"id":2773,"date":"2021-03-22T09:37:46","date_gmt":"2021-03-22T08:37:46","guid":{"rendered":"https:\/\/www.monvillage.cafe\/saintmartinsurecaillon\/?p=2773"},"modified":"2021-03-22T09:37:48","modified_gmt":"2021-03-22T08:37:48","slug":"confinement-3-precisions","status":"publish","type":"post","link":"https:\/\/www.monvillage.cafe\/saintmartinsurecaillon\/confinement-3-precisions\/","title":{"rendered":"Confinement 3 : pr\u00e9cisions"},"content":{"rendered":"\n<p>La gendarmerie de Solesmes a tenu \u00e0 apporter des pr\u00e9cisions sur les conditions de d\u00e9placements lors de ce nouveau confinement.<\/p>\n\n\n\n<h5 class=\"wp-block-heading\">PETIT RAPPEL<\/h5>\n\n\n\n<p>&#8211; Pour un&nbsp;<strong>d\u00e9placement dans un rayon de maximum 10 km autour de son domicile de 6h \u00e0 19h<\/strong>, il n&rsquo;est plus n\u00e9cessaire d&rsquo;avoir une attestation. En cas de contr\u00f4le, il faut pr\u00e9senter un justificatif de domicile.<\/p>\n\n\n\n<p>&#8211; Pour un&nbsp;<strong>d\u00e9placement dans un rayon de plus de 10 km autour de son domicile de 6h \u00e0 19h<\/strong>&nbsp;ou pour un&nbsp;<strong>d\u00e9placement entre 19h et 6h du matin<\/strong>, l&rsquo;attestation et la&nbsp;<a href=\"https:\/\/www.service-public.fr\/particuliers\/vosdroits\/F35249\" target=\"_blank\" rel=\"noreferrer noopener\">justification du motif du d\u00e9placement<\/a>&nbsp;restent n\u00e9cessaires.<\/p>\n\n\n\n<h5 class=\"wp-block-heading\">Si vous r\u00e9sidez dans un autre d\u00e9partement (non soumis aux mesures renforc\u00e9es)<\/h5>\n\n\n\n<p>Pour un&nbsp;<strong>d\u00e9placement entre 19h et 6h du matin<\/strong>, l&rsquo;attestation et la&nbsp;<a href=\"https:\/\/www.service-public.fr\/particuliers\/vosdroits\/F35249\" target=\"_blank\" rel=\"noreferrer noopener\">justification du motif du d\u00e9placement<\/a>&nbsp;sont n\u00e9cessaires.<\/p>\n\n\n\n<p>Vous pouvez retrouver les mod\u00e8les des attestions sur <a href=\"https:\/\/www.monvillage.cafe\/saintmartinsurecaillon\/confinement-3-attestations-de-deplacement\/\">cette page<\/a>.<\/p>\n","protected":false},"excerpt":{"rendered":"<p>La gendarmerie de Solesmes a tenu \u00e0 apporter des pr\u00e9cisions sur les conditions de d\u00e9placements lors de ce nouveau confinement. PETIT RAPPEL &#8211; Pour un&nbsp;d\u00e9placement dans un rayon de maximum 10 km autour de son domicile de 6h \u00e0 19h, il n&rsquo;est plus n\u00e9cessaire d&rsquo;avoir une attestation. En cas de contr\u00f4le, il faut pr\u00e9senter un [&hellip;]<\/p>\n","protected":false},"author":1,"featured_media":0,"comment_status":"closed","ping_status":"open","sticky":false,"template":"","format":"standard","meta":{"_et_pb_use_builder":"off","_et_pb_old_content":"","_et_gb_content_width":"","footnotes":""},"categories":[21,6,9,13],"tags":[81],"class_list":["post-2773","post","type-post","status-publish","format-standard","hentry","category-attestation","category-gestion-de-crise","category-institutionnel","category-coronavirus","tag-confinement"],"_links":{"self":[{"href":"https:\/\/www.monvillage.cafe\/saintmartinsurecaillon\/wp-json\/wp\/v2\/posts\/2773","targetHints":{"allow":["GET"]}}],"collection":[{"href":"https:\/\/www.monvillage.cafe\/saintmartinsurecaillon\/wp-json\/wp\/v2\/posts"}],"about":[{"href":"https:\/\/www.monvillage.cafe\/saintmartinsurecaillon\/wp-json\/wp\/v2\/types\/post"}],"author":[{"embeddable":true,"href":"https:\/\/www.monvillage.cafe\/saintmartinsurecaillon\/wp-json\/wp\/v2\/users\/1"}],"replies":[{"embeddable":true,"href":"https:\/\/www.monvillage.cafe\/saintmartinsurecaillon\/wp-json\/wp\/v2\/comments?post=2773"}],"version-history":[{"count":1,"href":"https:\/\/www.monvillage.cafe\/saintmartinsurecaillon\/wp-json\/wp\/v2\/posts\/2773\/revisions"}],"predecessor-version":[{"id":2774,"href":"https:\/\/www.monvillage.cafe\/saintmartinsurecaillon\/wp-json\/wp\/v2\/posts\/2773\/revisions\/2774"}],"wp:attachment":[{"href":"https:\/\/www.monvillage.cafe\/saintmartinsurecaillon\/wp-json\/wp\/v2\/media?parent=2773"}],"wp:term":[{"taxonomy":"category","embeddable":true,"href":"https:\/\/www.monvillage.cafe\/saintmartinsurecaillon\/wp-json\/wp\/v2\/categories?post=2773"},{"taxonomy":"post_tag","embeddable":true,"href":"https:\/\/www.monvillage.cafe\/saintmartinsurecaillon\/wp-json\/wp\/v2\/tags?post=2773"}],"curies":[{"name":"wp","href":"https:\/\/api.w.org\/{rel}","templated":true}]}}