{"id":2756,"date":"2021-03-17T16:18:43","date_gmt":"2021-03-17T15:18:43","guid":{"rendered":"https:\/\/www.monvillage.cafe\/saintmartinsurecaillon\/?p=2756"},"modified":"2021-03-17T16:18:45","modified_gmt":"2021-03-17T15:18:45","slug":"reseau-arc-en-ciel-mouvement-de-greve-les-18-19-mars","status":"publish","type":"post","link":"https:\/\/www.monvillage.cafe\/saintmartinsurecaillon\/reseau-arc-en-ciel-mouvement-de-greve-les-18-19-mars\/","title":{"rendered":"R\u00e9seau Arc-en-Ciel, mouvement de gr\u00e8ve les 18 &#038; 19 mars"},"content":{"rendered":"\n<p>En raison d&rsquo;un mouvement social programm\u00e9 le jeudi 18 et le vendredi 19 mars, de fortes perturbations sont pr\u00e9vues sur les lignes 301 \u00e0 341 (p\u00e9rim\u00e8tres du Cambr\u00e9sis &#8211; Solesmois &amp; Caudr\u00e9sis &#8211; Cat\u00e9sis).<\/p>\n\n\n\n<p>Vous trouverez ci-joint notre plan de transport adapt\u00e9 pour les journ\u00e9es du 18 et du 19 mars.<\/p>\n\n\n\n<p>Celui-ci comprend&nbsp;:<\/p>\n\n\n\n<p>\u00b7&nbsp;&nbsp;&nbsp;&nbsp;&nbsp;&nbsp;&nbsp;&nbsp;&nbsp;Les lignes r\u00e9guli\u00e8res assur\u00e9es et non assur\u00e9es.<\/p>\n\n\n\n<p>\u00b7&nbsp;&nbsp;&nbsp;&nbsp;&nbsp;&nbsp;&nbsp;&nbsp;&nbsp;Les services scolaires assur\u00e9s et non assur\u00e9s.<\/p>\n\n\n\n<p><em>(par code course, se r\u00e9f\u00e9rer \u00e0 la fiche horaire sur le site internet, ou sur le la fiche papier).<\/em><\/p>\n\n\n\n<p><a href=\"https:\/\/arcenciel.hautsdefrance.fr\/arcenciel3\/liste_horaires\" target=\"_blank\" rel=\"noreferrer noopener\">https:\/\/arcenciel.hautsdefrance.fr\/arcenciel3\/liste_horaires<\/a><\/p>\n\n\n\n<figure class=\"wp-block-image size-large\"><a href=\"https:\/\/www.monvillage.cafe\/saintmartinsurecaillon\/wp-content\/uploads\/sites\/2\/2021\/03\/Services-assures-1803-2021.pdf\" target=\"_blank\" rel=\"noopener\"><img loading=\"lazy\" decoding=\"async\" width=\"1024\" height=\"725\" src=\"https:\/\/www.monvillage.cafe\/saintmartinsurecaillon\/wp-content\/uploads\/sites\/2\/2021\/03\/18-1024x725.jpg\" alt=\"\" class=\"wp-image-2757\" srcset=\"https:\/\/www.monvillage.cafe\/saintmartinsurecaillon\/wp-content\/uploads\/sites\/2\/2021\/03\/18-980x694.jpg 980w, https:\/\/www.monvillage.cafe\/saintmartinsurecaillon\/wp-content\/uploads\/sites\/2\/2021\/03\/18-480x340.jpg 480w\" sizes=\"(min-width: 0px) and (max-width: 480px) 480px, (min-width: 481px) and (max-width: 980px) 980px, (min-width: 981px) 1024px, 100vw\" \/><\/a><\/figure>\n\n\n\n<div class=\"wp-block-file\"><a href=\"https:\/\/www.monvillage.cafe\/saintmartinsurecaillon\/wp-content\/uploads\/sites\/2\/2021\/03\/Services-assures-1803-2021.pdf\">Services-assures-1803-2021<\/a><a href=\"https:\/\/www.monvillage.cafe\/saintmartinsurecaillon\/wp-content\/uploads\/sites\/2\/2021\/03\/Services-assures-1803-2021.pdf\" class=\"wp-block-file__button\" download>T\u00e9l\u00e9charger<\/a><\/div>\n\n\n\n<figure class=\"wp-block-image size-large\"><a href=\"https:\/\/www.monvillage.cafe\/saintmartinsurecaillon\/wp-content\/uploads\/sites\/2\/2021\/03\/Services-assures-1903-2021.pdf\" target=\"_blank\" rel=\"noopener\"><img loading=\"lazy\" decoding=\"async\" width=\"1024\" height=\"725\" src=\"https:\/\/www.monvillage.cafe\/saintmartinsurecaillon\/wp-content\/uploads\/sites\/2\/2021\/03\/19-1024x725.jpg\" alt=\"\" class=\"wp-image-2758\" srcset=\"https:\/\/www.monvillage.cafe\/saintmartinsurecaillon\/wp-content\/uploads\/sites\/2\/2021\/03\/19-980x694.jpg 980w, https:\/\/www.monvillage.cafe\/saintmartinsurecaillon\/wp-content\/uploads\/sites\/2\/2021\/03\/19-480x340.jpg 480w\" sizes=\"(min-width: 0px) and (max-width: 480px) 480px, (min-width: 481px) and (max-width: 980px) 980px, (min-width: 981px) 1024px, 100vw\" \/><\/a><\/figure>\n\n\n\n<div class=\"wp-block-file\"><a href=\"https:\/\/www.monvillage.cafe\/saintmartinsurecaillon\/wp-content\/uploads\/sites\/2\/2021\/03\/Services-assures-1903-2021.pdf\">Services-assures-1903-2021<\/a><a href=\"https:\/\/www.monvillage.cafe\/saintmartinsurecaillon\/wp-content\/uploads\/sites\/2\/2021\/03\/Services-assures-1903-2021.pdf\" class=\"wp-block-file__button\" download>T\u00e9l\u00e9charger<\/a><\/div>\n","protected":false},"excerpt":{"rendered":"<p>En raison d&rsquo;un mouvement social programm\u00e9 le jeudi 18 et le vendredi 19 mars, de fortes perturbations sont pr\u00e9vues sur les lignes 301 \u00e0 341 (p\u00e9rim\u00e8tres du Cambr\u00e9sis &#8211; Solesmois &amp; Caudr\u00e9sis &#8211; Cat\u00e9sis). Vous trouverez ci-joint notre plan de transport adapt\u00e9 pour les journ\u00e9es du 18 et du 19 mars. Celui-ci comprend&nbsp;: \u00b7&nbsp;&nbsp;&nbsp;&nbsp;&nbsp;&nbsp;&nbsp;&nbsp;&nbsp;Les lignes [&hellip;]<\/p>\n","protected":false},"author":1,"featured_media":0,"comment_status":"closed","ping_status":"open","sticky":false,"template":"","format":"standard","meta":{"_et_pb_use_builder":"off","_et_pb_old_content":"","_et_gb_content_width":"","footnotes":""},"categories":[4,14],"tags":[301,117],"class_list":["post-2756","post","type-post","status-publish","format-standard","hentry","category-divers","category-transport","tag-greve","tag-reseau-arc-en-ciel"],"_links":{"self":[{"href":"https:\/\/www.monvillage.cafe\/saintmartinsurecaillon\/wp-json\/wp\/v2\/posts\/2756","targetHints":{"allow":["GET"]}}],"collection":[{"href":"https:\/\/www.monvillage.cafe\/saintmartinsurecaillon\/wp-json\/wp\/v2\/posts"}],"about":[{"href":"https:\/\/www.monvillage.cafe\/saintmartinsurecaillon\/wp-json\/wp\/v2\/types\/post"}],"author":[{"embeddable":true,"href":"https:\/\/www.monvillage.cafe\/saintmartinsurecaillon\/wp-json\/wp\/v2\/users\/1"}],"replies":[{"embeddable":true,"href":"https:\/\/www.monvillage.cafe\/saintmartinsurecaillon\/wp-json\/wp\/v2\/comments?post=2756"}],"version-history":[{"count":1,"href":"https:\/\/www.monvillage.cafe\/saintmartinsurecaillon\/wp-json\/wp\/v2\/posts\/2756\/revisions"}],"predecessor-version":[{"id":2761,"href":"https:\/\/www.monvillage.cafe\/saintmartinsurecaillon\/wp-json\/wp\/v2\/posts\/2756\/revisions\/2761"}],"wp:attachment":[{"href":"https:\/\/www.monvillage.cafe\/saintmartinsurecaillon\/wp-json\/wp\/v2\/media?parent=2756"}],"wp:term":[{"taxonomy":"category","embeddable":true,"href":"https:\/\/www.monvillage.cafe\/saintmartinsurecaillon\/wp-json\/wp\/v2\/categories?post=2756"},{"taxonomy":"post_tag","embeddable":true,"href":"https:\/\/www.monvillage.cafe\/saintmartinsurecaillon\/wp-json\/wp\/v2\/tags?post=2756"}],"curies":[{"name":"wp","href":"https:\/\/api.w.org\/{rel}","templated":true}]}}