{"id":2719,"date":"2021-03-15T16:14:36","date_gmt":"2021-03-15T15:14:36","guid":{"rendered":"https:\/\/www.monvillage.cafe\/saintmartinsurecaillon\/?p=2719"},"modified":"2021-03-15T16:14:39","modified_gmt":"2021-03-15T15:14:39","slug":"election-des-conseillers-regionaux-et-departementaux-des-13-et-20-juin-2021","status":"publish","type":"post","link":"https:\/\/www.monvillage.cafe\/saintmartinsurecaillon\/election-des-conseillers-regionaux-et-departementaux-des-13-et-20-juin-2021\/","title":{"rendered":"\u00c9lection des conseillers r\u00e9gionaux et d\u00e9partementaux des 13 et 20 juin 2021"},"content":{"rendered":"\n<figure class=\"wp-block-image size-large is-resized\"><a href=\"https:\/\/www.monvillage.cafe\/saintmartinsurecaillon\/wp-content\/uploads\/sites\/2\/2021\/03\/210315-1-Note-aux-maires-affichage-decret.pdf\" target=\"_blank\" rel=\"noopener\"><img loading=\"lazy\" decoding=\"async\" src=\"https:\/\/www.monvillage.cafe\/saintmartinsurecaillon\/wp-content\/uploads\/sites\/2\/2021\/03\/election-regionale2021-714x1024.jpg\" alt=\"\" class=\"wp-image-2720\" width=\"818\" height=\"1173\"\/><\/a><\/figure>\n\n\n\n<figure class=\"wp-block-image size-large is-resized\"><a href=\"https:\/\/www.monvillage.cafe\/saintmartinsurecaillon\/wp-content\/uploads\/sites\/2\/2021\/03\/210315-2-joe_20210307_0057_0017.pdf\" target=\"_blank\" rel=\"noopener\"><img loading=\"lazy\" decoding=\"async\" src=\"https:\/\/www.monvillage.cafe\/saintmartinsurecaillon\/wp-content\/uploads\/sites\/2\/2021\/03\/decret-1-773x1024.jpg\" alt=\"\" class=\"wp-image-2721\" width=\"818\" height=\"1084\"\/><\/a><\/figure>\n\n\n\n<figure class=\"wp-block-image size-large is-resized\"><a href=\"https:\/\/www.monvillage.cafe\/saintmartinsurecaillon\/wp-content\/uploads\/sites\/2\/2021\/03\/210315-2-joe_20210307_0057_0017.pdf\" target=\"_blank\" rel=\"noopener\"><img loading=\"lazy\" decoding=\"async\" src=\"https:\/\/www.monvillage.cafe\/saintmartinsurecaillon\/wp-content\/uploads\/sites\/2\/2021\/03\/decret-2-965x1024.jpg\" alt=\"\" class=\"wp-image-2722\" width=\"821\" height=\"871\"\/><\/a><\/figure>\n\n\n\n<hr class=\"wp-block-separator\"\/>\n\n\n\n<div class=\"wp-block-file\"><a href=\"https:\/\/www.monvillage.cafe\/saintmartinsurecaillon\/wp-content\/uploads\/sites\/2\/2021\/03\/210315-1-Note-aux-maires-affichage-decret.pdf\">210315-1-Note-aux-maires-affichage-decret<\/a><a href=\"https:\/\/www.monvillage.cafe\/saintmartinsurecaillon\/wp-content\/uploads\/sites\/2\/2021\/03\/210315-1-Note-aux-maires-affichage-decret.pdf\" class=\"wp-block-file__button\" download>T\u00e9l\u00e9charger<\/a><\/div>\n\n\n\n<div class=\"wp-block-file\"><a href=\"https:\/\/www.monvillage.cafe\/saintmartinsurecaillon\/wp-content\/uploads\/sites\/2\/2021\/03\/210315-2-joe_20210307_0057_0017.pdf\">210315-2-joe_20210307_0057_0017<\/a><a href=\"https:\/\/www.monvillage.cafe\/saintmartinsurecaillon\/wp-content\/uploads\/sites\/2\/2021\/03\/210315-2-joe_20210307_0057_0017.pdf\" class=\"wp-block-file__button\" download>T\u00e9l\u00e9charger<\/a><\/div>\n","protected":false},"excerpt":{"rendered":"","protected":false},"author":1,"featured_media":0,"comment_status":"closed","ping_status":"open","sticky":false,"template":"","format":"standard","meta":{"_et_pb_use_builder":"off","_et_pb_old_content":"","_et_gb_content_width":"","footnotes":""},"categories":[26,9],"tags":[321],"class_list":["post-2719","post","type-post","status-publish","format-standard","hentry","category-decret","category-institutionnel","tag-elections-regionales-et-departementales-2021"],"_links":{"self":[{"href":"https:\/\/www.monvillage.cafe\/saintmartinsurecaillon\/wp-json\/wp\/v2\/posts\/2719","targetHints":{"allow":["GET"]}}],"collection":[{"href":"https:\/\/www.monvillage.cafe\/saintmartinsurecaillon\/wp-json\/wp\/v2\/posts"}],"about":[{"href":"https:\/\/www.monvillage.cafe\/saintmartinsurecaillon\/wp-json\/wp\/v2\/types\/post"}],"author":[{"embeddable":true,"href":"https:\/\/www.monvillage.cafe\/saintmartinsurecaillon\/wp-json\/wp\/v2\/users\/1"}],"replies":[{"embeddable":true,"href":"https:\/\/www.monvillage.cafe\/saintmartinsurecaillon\/wp-json\/wp\/v2\/comments?post=2719"}],"version-history":[{"count":1,"href":"https:\/\/www.monvillage.cafe\/saintmartinsurecaillon\/wp-json\/wp\/v2\/posts\/2719\/revisions"}],"predecessor-version":[{"id":2725,"href":"https:\/\/www.monvillage.cafe\/saintmartinsurecaillon\/wp-json\/wp\/v2\/posts\/2719\/revisions\/2725"}],"wp:attachment":[{"href":"https:\/\/www.monvillage.cafe\/saintmartinsurecaillon\/wp-json\/wp\/v2\/media?parent=2719"}],"wp:term":[{"taxonomy":"category","embeddable":true,"href":"https:\/\/www.monvillage.cafe\/saintmartinsurecaillon\/wp-json\/wp\/v2\/categories?post=2719"},{"taxonomy":"post_tag","embeddable":true,"href":"https:\/\/www.monvillage.cafe\/saintmartinsurecaillon\/wp-json\/wp\/v2\/tags?post=2719"}],"curies":[{"name":"wp","href":"https:\/\/api.w.org\/{rel}","templated":true}]}}