{"id":2715,"date":"2021-03-10T17:43:14","date_gmt":"2021-03-10T16:43:14","guid":{"rendered":"https:\/\/www.monvillage.cafe\/saintmartinsurecaillon\/?p=2715"},"modified":"2021-03-10T17:43:15","modified_gmt":"2021-03-10T16:43:15","slug":"vigilance-orange-vents-violents-le-11-03-2021","status":"publish","type":"post","link":"https:\/\/www.monvillage.cafe\/saintmartinsurecaillon\/vigilance-orange-vents-violents-le-11-03-2021\/","title":{"rendered":"Vigilance orange vents violents le 11\/03\/2021"},"content":{"rendered":"\n<figure class=\"wp-block-table\"><table><tbody><tr><td>La Pr\u00e9fecture du Nord vous informe que M\u00e9t\u00e9o France a \u00e9mis un bulletin\u00a0vigilance orange \u00ab\u00a0vents violents\u00a0\u00bb pour la journ\u00e9e du 11\/03\/2021 dans le d\u00e9partement du Nord.<\/td><\/tr><\/tbody><\/table><\/figure>\n\n\n\n<figure class=\"wp-block-image size-large\"><a href=\"https:\/\/www.monvillage.cafe\/saintmartinsurecaillon\/wp-content\/uploads\/sites\/2\/2021\/03\/carte-vigilance-orange.pdf\" target=\"_blank\" rel=\"noopener\"><img loading=\"lazy\" decoding=\"async\" width=\"1024\" height=\"712\" src=\"https:\/\/www.monvillage.cafe\/saintmartinsurecaillon\/wp-content\/uploads\/sites\/2\/2021\/03\/vivilance-orange-vents-violents-1024x712.jpg\" alt=\"\" class=\"wp-image-2716\" srcset=\"https:\/\/www.monvillage.cafe\/saintmartinsurecaillon\/wp-content\/uploads\/sites\/2\/2021\/03\/vivilance-orange-vents-violents-980x681.jpg 980w, https:\/\/www.monvillage.cafe\/saintmartinsurecaillon\/wp-content\/uploads\/sites\/2\/2021\/03\/vivilance-orange-vents-violents-480x334.jpg 480w\" sizes=\"(min-width: 0px) and (max-width: 480px) 480px, (min-width: 481px) and (max-width: 980px) 980px, (min-width: 981px) 1024px, 100vw\" \/><\/a><\/figure>\n\n\n\n<hr class=\"wp-block-separator\"\/>\n\n\n\n<div class=\"wp-block-file\"><a href=\"https:\/\/www.monvillage.cafe\/saintmartinsurecaillon\/wp-content\/uploads\/sites\/2\/2021\/03\/carte-vigilance-orange.pdf\">carte-vigilance-orange<\/a><a href=\"https:\/\/www.monvillage.cafe\/saintmartinsurecaillon\/wp-content\/uploads\/sites\/2\/2021\/03\/carte-vigilance-orange.pdf\" class=\"wp-block-file__button\" download>T\u00e9l\u00e9charger<\/a><\/div>\n","protected":false},"excerpt":{"rendered":"<p>La Pr\u00e9fecture du Nord vous informe que M\u00e9t\u00e9o France a \u00e9mis un bulletin\u00a0vigilance orange \u00ab\u00a0vents violents\u00a0\u00bb pour la journ\u00e9e du 11\/03\/2021 dans le d\u00e9partement du Nord.<\/p>\n","protected":false},"author":1,"featured_media":0,"comment_status":"closed","ping_status":"open","sticky":false,"template":"","format":"standard","meta":{"_et_pb_use_builder":"off","_et_pb_old_content":"","_et_gb_content_width":"","footnotes":""},"categories":[109,6],"tags":[237,320,290],"class_list":["post-2715","post","type-post","status-publish","format-standard","hentry","category-alertes-meteo","category-gestion-de-crise","tag-vent","tag-vents-violents","tag-vigilance"],"_links":{"self":[{"href":"https:\/\/www.monvillage.cafe\/saintmartinsurecaillon\/wp-json\/wp\/v2\/posts\/2715","targetHints":{"allow":["GET"]}}],"collection":[{"href":"https:\/\/www.monvillage.cafe\/saintmartinsurecaillon\/wp-json\/wp\/v2\/posts"}],"about":[{"href":"https:\/\/www.monvillage.cafe\/saintmartinsurecaillon\/wp-json\/wp\/v2\/types\/post"}],"author":[{"embeddable":true,"href":"https:\/\/www.monvillage.cafe\/saintmartinsurecaillon\/wp-json\/wp\/v2\/users\/1"}],"replies":[{"embeddable":true,"href":"https:\/\/www.monvillage.cafe\/saintmartinsurecaillon\/wp-json\/wp\/v2\/comments?post=2715"}],"version-history":[{"count":1,"href":"https:\/\/www.monvillage.cafe\/saintmartinsurecaillon\/wp-json\/wp\/v2\/posts\/2715\/revisions"}],"predecessor-version":[{"id":2718,"href":"https:\/\/www.monvillage.cafe\/saintmartinsurecaillon\/wp-json\/wp\/v2\/posts\/2715\/revisions\/2718"}],"wp:attachment":[{"href":"https:\/\/www.monvillage.cafe\/saintmartinsurecaillon\/wp-json\/wp\/v2\/media?parent=2715"}],"wp:term":[{"taxonomy":"category","embeddable":true,"href":"https:\/\/www.monvillage.cafe\/saintmartinsurecaillon\/wp-json\/wp\/v2\/categories?post=2715"},{"taxonomy":"post_tag","embeddable":true,"href":"https:\/\/www.monvillage.cafe\/saintmartinsurecaillon\/wp-json\/wp\/v2\/tags?post=2715"}],"curies":[{"name":"wp","href":"https:\/\/api.w.org\/{rel}","templated":true}]}}