{"id":2705,"date":"2021-03-10T13:34:29","date_gmt":"2021-03-10T12:34:29","guid":{"rendered":"https:\/\/www.monvillage.cafe\/saintmartinsurecaillon\/?p=2705"},"modified":"2021-03-10T13:34:30","modified_gmt":"2021-03-10T12:34:30","slug":"reseau-arc-en-ciel-mouvement-social-les-11-12-mars","status":"publish","type":"post","link":"https:\/\/www.monvillage.cafe\/saintmartinsurecaillon\/reseau-arc-en-ciel-mouvement-social-les-11-12-mars\/","title":{"rendered":"R\u00e9seau Arc-en-Ciel : Mouvement Social les 11 &#038; 12 mars"},"content":{"rendered":"\n<p>En raison d&rsquo;un mouvement social programm\u00e9 les 11 et 12 mars, de fortes perturbations sont pr\u00e9vues sur les lignes 301 \u00e0 341 (p\u00e9rim\u00e8tres du Cambr\u00e9sis &#8211; Solesmois &amp; Caudr\u00e9sis &#8211; Cat\u00e9sis). Vous trouverez ci-joint\u00a0notre plan de transport\u00a0adapt\u00e9 pour les journ\u00e9es du 11 et 12 mars.<\/p>\n\n\n\n<p>Celui-ci comprend&nbsp;:<\/p>\n\n\n\n<p>\u00b7&nbsp;&nbsp;&nbsp;&nbsp;&nbsp;&nbsp;&nbsp;&nbsp;&nbsp;Les lignes r\u00e9guli\u00e8res assur\u00e9es<\/p>\n\n\n\n<p>\u00b7&nbsp;&nbsp;&nbsp;&nbsp;&nbsp;&nbsp;&nbsp;&nbsp;&nbsp;les services scolaires assur\u00e9s<\/p>\n\n\n\n<p><em>(par code course, se r\u00e9f\u00e9rer \u00e0 la fiche horaire sur le site internet, ou sur le la fiche papier).<\/em><\/p>\n\n\n\n<p><a href=\"https:\/\/arcenciel.hautsdefrance.fr\/arcenciel3\/liste_horaires\" target=\"_blank\" rel=\"noreferrer noopener\">https:\/\/arcenciel.hautsdefrance.fr\/arcenciel3\/liste_horaires<\/a><\/p>\n\n\n\n<figure class=\"wp-block-image size-large\"><a href=\"https:\/\/www.monvillage.cafe\/saintmartinsurecaillon\/wp-content\/uploads\/sites\/2\/2021\/03\/Tableau-greve-11-12-03-2021.pdf\" target=\"_blank\" rel=\"noopener\"><img loading=\"lazy\" decoding=\"async\" width=\"1024\" height=\"617\" src=\"https:\/\/www.monvillage.cafe\/saintmartinsurecaillon\/wp-content\/uploads\/sites\/2\/2021\/03\/arcenciel-social-1024x617.jpg\" alt=\"\" class=\"wp-image-2706\" srcset=\"https:\/\/www.monvillage.cafe\/saintmartinsurecaillon\/wp-content\/uploads\/sites\/2\/2021\/03\/arcenciel-social-980x590.jpg 980w, https:\/\/www.monvillage.cafe\/saintmartinsurecaillon\/wp-content\/uploads\/sites\/2\/2021\/03\/arcenciel-social-480x289.jpg 480w\" sizes=\"(min-width: 0px) and (max-width: 480px) 480px, (min-width: 481px) and (max-width: 980px) 980px, (min-width: 981px) 1024px, 100vw\" \/><\/a><\/figure>\n\n\n\n<hr class=\"wp-block-separator\"\/>\n\n\n\n<div class=\"wp-block-file\"><a href=\"https:\/\/www.monvillage.cafe\/saintmartinsurecaillon\/wp-content\/uploads\/sites\/2\/2021\/03\/Tableau-greve-11-12-03-2021.pdf\">Tableau-greve-11-12-03-2021<\/a><a href=\"https:\/\/www.monvillage.cafe\/saintmartinsurecaillon\/wp-content\/uploads\/sites\/2\/2021\/03\/Tableau-greve-11-12-03-2021.pdf\" class=\"wp-block-file__button\" download>T\u00e9l\u00e9charger<\/a><\/div>\n\n\n\n<p><\/p>\n","protected":false},"excerpt":{"rendered":"<p>En raison d&rsquo;un mouvement social programm\u00e9 les 11 et 12 mars, de fortes perturbations sont pr\u00e9vues sur les lignes 301 \u00e0 341 (p\u00e9rim\u00e8tres du Cambr\u00e9sis &#8211; Solesmois &amp; Caudr\u00e9sis &#8211; Cat\u00e9sis). Vous trouverez ci-joint\u00a0notre plan de transport\u00a0adapt\u00e9 pour les journ\u00e9es du 11 et 12 mars. Celui-ci comprend&nbsp;: \u00b7&nbsp;&nbsp;&nbsp;&nbsp;&nbsp;&nbsp;&nbsp;&nbsp;&nbsp;Les lignes r\u00e9guli\u00e8res assur\u00e9es \u00b7&nbsp;&nbsp;&nbsp;&nbsp;&nbsp;&nbsp;&nbsp;&nbsp;&nbsp;les services scolaires assur\u00e9s [&hellip;]<\/p>\n","protected":false},"author":1,"featured_media":0,"comment_status":"closed","ping_status":"open","sticky":false,"template":"","format":"standard","meta":{"_et_pb_use_builder":"off","_et_pb_old_content":"","_et_gb_content_width":"","footnotes":""},"categories":[4,14],"tags":[301,117],"class_list":["post-2705","post","type-post","status-publish","format-standard","hentry","category-divers","category-transport","tag-greve","tag-reseau-arc-en-ciel"],"_links":{"self":[{"href":"https:\/\/www.monvillage.cafe\/saintmartinsurecaillon\/wp-json\/wp\/v2\/posts\/2705","targetHints":{"allow":["GET"]}}],"collection":[{"href":"https:\/\/www.monvillage.cafe\/saintmartinsurecaillon\/wp-json\/wp\/v2\/posts"}],"about":[{"href":"https:\/\/www.monvillage.cafe\/saintmartinsurecaillon\/wp-json\/wp\/v2\/types\/post"}],"author":[{"embeddable":true,"href":"https:\/\/www.monvillage.cafe\/saintmartinsurecaillon\/wp-json\/wp\/v2\/users\/1"}],"replies":[{"embeddable":true,"href":"https:\/\/www.monvillage.cafe\/saintmartinsurecaillon\/wp-json\/wp\/v2\/comments?post=2705"}],"version-history":[{"count":1,"href":"https:\/\/www.monvillage.cafe\/saintmartinsurecaillon\/wp-json\/wp\/v2\/posts\/2705\/revisions"}],"predecessor-version":[{"id":2708,"href":"https:\/\/www.monvillage.cafe\/saintmartinsurecaillon\/wp-json\/wp\/v2\/posts\/2705\/revisions\/2708"}],"wp:attachment":[{"href":"https:\/\/www.monvillage.cafe\/saintmartinsurecaillon\/wp-json\/wp\/v2\/media?parent=2705"}],"wp:term":[{"taxonomy":"category","embeddable":true,"href":"https:\/\/www.monvillage.cafe\/saintmartinsurecaillon\/wp-json\/wp\/v2\/categories?post=2705"},{"taxonomy":"post_tag","embeddable":true,"href":"https:\/\/www.monvillage.cafe\/saintmartinsurecaillon\/wp-json\/wp\/v2\/tags?post=2705"}],"curies":[{"name":"wp","href":"https:\/\/api.w.org\/{rel}","templated":true}]}}