{"id":2641,"date":"2021-02-18T11:08:59","date_gmt":"2021-02-18T10:08:59","guid":{"rendered":"https:\/\/www.monvillage.cafe\/saintmartinsurecaillon\/?p=2641"},"modified":"2021-02-18T11:10:54","modified_gmt":"2021-02-18T10:10:54","slug":"mouvement-social-sur-le-reseau-arc-en-ciel-le-19-02-2021","status":"publish","type":"post","link":"https:\/\/www.monvillage.cafe\/saintmartinsurecaillon\/mouvement-social-sur-le-reseau-arc-en-ciel-le-19-02-2021\/","title":{"rendered":"Mouvement social sur le r\u00e9seau Arc-en-Ciel le 19\/02\/2021"},"content":{"rendered":"\n<p>En raison d&rsquo;un mouvement social programm\u00e9 le 19 f\u00e9vrier, de fortes perturbations sont pr\u00e9vues sur les lignes 301 \u00e0 341 (p\u00e9rim\u00e8tres du Cambr\u00e9sis &#8211; Solesmois &amp; Caudr\u00e9sis &#8211; Cat\u00e9sis).<\/p>\n\n\n\n<p>Vous trouverez ci-joint notre plan de transport adapt\u00e9 pour la journ\u00e9e du 19 f\u00e9vrier.<\/p>\n\n\n\n<p>Celui-ci comprend\u00a0:<\/p>\n\n\n\n<ul class=\"wp-block-list\"><li><strong>Les lignes r\u00e9guli\u00e8res assur\u00e9es<\/strong><\/li><li><strong>les services scolaires assur\u00e9s<\/strong><\/li><\/ul>\n\n\n\n<p><em>(par code course, se r\u00e9f\u00e9rer \u00e0 la fiche horaire sur le <a href=\"https:\/\/arcenciel.hautsdefrance.fr\/arcenciel3\/liste_horaires\" target=\"_blank\" rel=\"noreferrer noopener\">site internet<\/a>, ou sur le la fiche papier).<\/em><\/p>\n\n\n\n<p>Les infos d\u00e9taill\u00e9es par horaire \u00e0 partir de demain matin sur le site internet.<\/p>\n\n\n\n<p><\/p>\n\n\n\n<figure class=\"wp-block-image size-large is-resized\"><a href=\"https:\/\/www.monvillage.cafe\/saintmartinsurecaillon\/wp-content\/uploads\/sites\/2\/2021\/02\/Courses-greve-19-02-2021-arcenciel.pdf\" target=\"_blank\" rel=\"noopener\"><img loading=\"lazy\" decoding=\"async\" src=\"https:\/\/www.monvillage.cafe\/saintmartinsurecaillon\/wp-content\/uploads\/sites\/2\/2021\/02\/greve-arc-en-ciel-19022021-806x1024.jpg\" alt=\"\" class=\"wp-image-2642\" width=\"818\" height=\"1039\" srcset=\"https:\/\/www.monvillage.cafe\/saintmartinsurecaillon\/wp-content\/uploads\/sites\/2\/2021\/02\/greve-arc-en-ciel-19022021-806x1024.jpg 818w, https:\/\/www.monvillage.cafe\/saintmartinsurecaillon\/wp-content\/uploads\/sites\/2\/2021\/02\/greve-arc-en-ciel-19022021-480x610.jpg 480w\" sizes=\"(min-width: 0px) and (max-width: 480px) 480px, (min-width: 481px) 818px, 100vw\" \/><\/a><\/figure>\n\n\n\n<hr class=\"wp-block-separator\"\/>\n\n\n\n<div class=\"wp-block-file\"><a href=\"https:\/\/www.monvillage.cafe\/saintmartinsurecaillon\/wp-content\/uploads\/sites\/2\/2021\/02\/Courses-greve-19-02-2021-arcenciel.pdf\">Courses-greve-19-02-2021-arcenciel<\/a><a href=\"https:\/\/www.monvillage.cafe\/saintmartinsurecaillon\/wp-content\/uploads\/sites\/2\/2021\/02\/Courses-greve-19-02-2021-arcenciel.pdf\" class=\"wp-block-file__button\" download>T\u00e9l\u00e9charger<\/a><\/div>\n","protected":false},"excerpt":{"rendered":"<p>En raison d&rsquo;un mouvement social programm\u00e9 le 19 f\u00e9vrier, de fortes perturbations sont pr\u00e9vues sur les lignes 301 \u00e0 341 (p\u00e9rim\u00e8tres du Cambr\u00e9sis &#8211; Solesmois &amp; Caudr\u00e9sis &#8211; Cat\u00e9sis). Vous trouverez ci-joint notre plan de transport adapt\u00e9 pour la journ\u00e9e du 19 f\u00e9vrier. Celui-ci comprend\u00a0: Les lignes r\u00e9guli\u00e8res assur\u00e9es les services scolaires assur\u00e9s (par code [&hellip;]<\/p>\n","protected":false},"author":1,"featured_media":0,"comment_status":"closed","ping_status":"open","sticky":false,"template":"","format":"standard","meta":{"_et_pb_use_builder":"off","_et_pb_old_content":"","_et_gb_content_width":"","footnotes":""},"categories":[4,14],"tags":[119,120,301,117],"class_list":["post-2641","post","type-post","status-publish","format-standard","hentry","category-divers","category-transport","tag-bus","tag-bus-scolaire","tag-greve","tag-reseau-arc-en-ciel"],"_links":{"self":[{"href":"https:\/\/www.monvillage.cafe\/saintmartinsurecaillon\/wp-json\/wp\/v2\/posts\/2641","targetHints":{"allow":["GET"]}}],"collection":[{"href":"https:\/\/www.monvillage.cafe\/saintmartinsurecaillon\/wp-json\/wp\/v2\/posts"}],"about":[{"href":"https:\/\/www.monvillage.cafe\/saintmartinsurecaillon\/wp-json\/wp\/v2\/types\/post"}],"author":[{"embeddable":true,"href":"https:\/\/www.monvillage.cafe\/saintmartinsurecaillon\/wp-json\/wp\/v2\/users\/1"}],"replies":[{"embeddable":true,"href":"https:\/\/www.monvillage.cafe\/saintmartinsurecaillon\/wp-json\/wp\/v2\/comments?post=2641"}],"version-history":[{"count":2,"href":"https:\/\/www.monvillage.cafe\/saintmartinsurecaillon\/wp-json\/wp\/v2\/posts\/2641\/revisions"}],"predecessor-version":[{"id":2646,"href":"https:\/\/www.monvillage.cafe\/saintmartinsurecaillon\/wp-json\/wp\/v2\/posts\/2641\/revisions\/2646"}],"wp:attachment":[{"href":"https:\/\/www.monvillage.cafe\/saintmartinsurecaillon\/wp-json\/wp\/v2\/media?parent=2641"}],"wp:term":[{"taxonomy":"category","embeddable":true,"href":"https:\/\/www.monvillage.cafe\/saintmartinsurecaillon\/wp-json\/wp\/v2\/categories?post=2641"},{"taxonomy":"post_tag","embeddable":true,"href":"https:\/\/www.monvillage.cafe\/saintmartinsurecaillon\/wp-json\/wp\/v2\/tags?post=2641"}],"curies":[{"name":"wp","href":"https:\/\/api.w.org\/{rel}","templated":true}]}}