{"id":2621,"date":"2021-02-12T10:27:00","date_gmt":"2021-02-12T09:27:00","guid":{"rendered":"https:\/\/www.monvillage.cafe\/saintmartinsurecaillon\/?p=2621"},"modified":"2021-02-12T10:27:02","modified_gmt":"2021-02-12T09:27:02","slug":"transport-gratuit-pour-les-centres-de-vaccination-covid-19","status":"publish","type":"post","link":"https:\/\/www.monvillage.cafe\/saintmartinsurecaillon\/transport-gratuit-pour-les-centres-de-vaccination-covid-19\/","title":{"rendered":"Transport gratuit pour les centres de vaccination (COVID-19)"},"content":{"rendered":"\n<p>A partir du 8 f\u00e9vrier 2021 et pour<strong> toute la dur\u00e9e <\/strong>de la crise sanitaire, le transport est <strong>gratuit <\/strong>sur les lignes du r\u00e9seau Arc en Ciel &#8211; P\u00e9rim\u00e8tres Cambr\u00e9sis-Solesmois et Caudr\u00e9sis-Cat\u00e9sis (et sur les lignes du r\u00e9seau TER Hauts-de-France) si vous devez vous rendre dans un centre de vaccination (COVID-19).<\/p>\n\n\n\n<p><strong>La gratuit\u00e9 est octroy\u00e9e sur simple pr\u00e9sentation d&rsquo;un justificatif de rendez-vous de vaccination \u00e0 bord des autocars.<\/strong><\/p>\n\n\n\n<figure class=\"wp-block-image size-large is-resized\"><img loading=\"lazy\" decoding=\"async\" src=\"https:\/\/www.monvillage.cafe\/saintmartinsurecaillon\/wp-content\/uploads\/sites\/2\/2021\/02\/transport-vaccination.png\" alt=\"\" class=\"wp-image-2622\" width=\"820\" height=\"1097\" srcset=\"https:\/\/www.monvillage.cafe\/saintmartinsurecaillon\/wp-content\/uploads\/sites\/2\/2021\/02\/transport-vaccination.png 820w, https:\/\/www.monvillage.cafe\/saintmartinsurecaillon\/wp-content\/uploads\/sites\/2\/2021\/02\/transport-vaccination-480x642.png 480w\" sizes=\"(min-width: 0px) and (max-width: 480px) 480px, (min-width: 481px) 820px, 100vw\" \/><\/figure>\n","protected":false},"excerpt":{"rendered":"<p>A partir du 8 f\u00e9vrier 2021 et pour toute la dur\u00e9e de la crise sanitaire, le transport est gratuit sur les lignes du r\u00e9seau Arc en Ciel &#8211; P\u00e9rim\u00e8tres Cambr\u00e9sis-Solesmois et Caudr\u00e9sis-Cat\u00e9sis (et sur les lignes du r\u00e9seau TER Hauts-de-France) si vous devez vous rendre dans un centre de vaccination (COVID-19). La gratuit\u00e9 est octroy\u00e9e [&hellip;]<\/p>\n","protected":false},"author":1,"featured_media":0,"comment_status":"closed","ping_status":"open","sticky":false,"template":"","format":"standard","meta":{"_et_pb_use_builder":"off","_et_pb_old_content":"","_et_gb_content_width":"","footnotes":""},"categories":[4,6,12,13,14],"tags":[118,117,298,215,297],"class_list":["post-2621","post","type-post","status-publish","format-standard","hentry","category-divers","category-gestion-de-crise","category-sante","category-coronavirus","category-transport","tag-region-hauts-de-france","tag-reseau-arc-en-ciel","tag-ter","tag-vaccin","tag-vaccination"],"_links":{"self":[{"href":"https:\/\/www.monvillage.cafe\/saintmartinsurecaillon\/wp-json\/wp\/v2\/posts\/2621","targetHints":{"allow":["GET"]}}],"collection":[{"href":"https:\/\/www.monvillage.cafe\/saintmartinsurecaillon\/wp-json\/wp\/v2\/posts"}],"about":[{"href":"https:\/\/www.monvillage.cafe\/saintmartinsurecaillon\/wp-json\/wp\/v2\/types\/post"}],"author":[{"embeddable":true,"href":"https:\/\/www.monvillage.cafe\/saintmartinsurecaillon\/wp-json\/wp\/v2\/users\/1"}],"replies":[{"embeddable":true,"href":"https:\/\/www.monvillage.cafe\/saintmartinsurecaillon\/wp-json\/wp\/v2\/comments?post=2621"}],"version-history":[{"count":1,"href":"https:\/\/www.monvillage.cafe\/saintmartinsurecaillon\/wp-json\/wp\/v2\/posts\/2621\/revisions"}],"predecessor-version":[{"id":2623,"href":"https:\/\/www.monvillage.cafe\/saintmartinsurecaillon\/wp-json\/wp\/v2\/posts\/2621\/revisions\/2623"}],"wp:attachment":[{"href":"https:\/\/www.monvillage.cafe\/saintmartinsurecaillon\/wp-json\/wp\/v2\/media?parent=2621"}],"wp:term":[{"taxonomy":"category","embeddable":true,"href":"https:\/\/www.monvillage.cafe\/saintmartinsurecaillon\/wp-json\/wp\/v2\/categories?post=2621"},{"taxonomy":"post_tag","embeddable":true,"href":"https:\/\/www.monvillage.cafe\/saintmartinsurecaillon\/wp-json\/wp\/v2\/tags?post=2621"}],"curies":[{"name":"wp","href":"https:\/\/api.w.org\/{rel}","templated":true}]}}