{"id":2532,"date":"2021-01-25T05:00:03","date_gmt":"2021-01-25T04:00:03","guid":{"rendered":"https:\/\/www.monvillage.cafe\/saintmartinsurecaillon\/?p=2532"},"modified":"2021-01-25T17:56:11","modified_gmt":"2021-01-25T16:56:11","slug":"parution-du-bulletin-de-janvier-2021","status":"publish","type":"post","link":"https:\/\/www.monvillage.cafe\/saintmartinsurecaillon\/parution-du-bulletin-de-janvier-2021\/","title":{"rendered":"Parution du bulletin de janvier 2021"},"content":{"rendered":"\n<p>En ce d\u00e9but d&rsquo;ann\u00e9e, il est important de se rem\u00e9morer l&rsquo;ann\u00e9e \u00e9coul\u00e9e. Il est important \u00e9galement de se projeter vers la nouvelle. L&rsquo;occasion \u00e9galement de recevoir les v\u0153ux du conseil dans sa bo\u00eete \u00e0 lettres.<\/p>\n\n\n\n<p>Si vous n&rsquo;avez pas encore vu la vid\u00e9o des v\u0153ux, c&rsquo;est par <a href=\"https:\/\/www.monvillage.cafe\/saintmartinsurecaillon\/voeux-2021-de-la-municipalite\/\" target=\"_blank\" rel=\"noreferrer noopener\">ici<\/a>.<\/p>\n\n\n\n<p>Bonne ann\u00e9e \u00e0 tous et prenez soin de vous.<\/p>\n\n\n\n<hr class=\"wp-block-separator\"\/>\n\n\n\n<div class=\"wp-block-group\"><div class=\"wp-block-group__inner-container is-layout-flow wp-block-group-is-layout-flow\">\n<div class=\"wp-block-columns is-layout-flex wp-container-core-columns-is-layout-9d6595d7 wp-block-columns-is-layout-flex\">\n<div class=\"wp-block-column is-layout-flow wp-block-column-is-layout-flow\">\n<figure class=\"wp-block-image size-large\"><a href=\"https:\/\/www.monvillage.cafe\/saintmartinsurecaillon\/wp-content\/uploads\/sites\/2\/2021\/01\/bulletin-janvier-2021_11012021.pdf\" target=\"_blank\" rel=\"noopener\"><img loading=\"lazy\" decoding=\"async\" width=\"725\" height=\"1024\" src=\"https:\/\/www.monvillage.cafe\/saintmartinsurecaillon\/wp-content\/uploads\/sites\/2\/2021\/01\/bulletin-janvier2021_p1-725x1024.jpg\" alt=\"\" class=\"wp-image-2550\"\/><\/a><\/figure>\n<\/div>\n\n\n\n<div class=\"wp-block-column is-layout-flow wp-block-column-is-layout-flow\">\n<figure class=\"wp-block-image size-large\"><a href=\"https:\/\/www.monvillage.cafe\/saintmartinsurecaillon\/wp-content\/uploads\/sites\/2\/2021\/01\/bulletin-janvier-2021_11012021.pdf\" target=\"_blank\" rel=\"noopener\"><img loading=\"lazy\" decoding=\"async\" width=\"725\" height=\"1024\" src=\"https:\/\/www.monvillage.cafe\/saintmartinsurecaillon\/wp-content\/uploads\/sites\/2\/2021\/01\/bulletin-janvier2021_p2-725x1024.jpg\" alt=\"\" class=\"wp-image-2551\"\/><\/a><\/figure>\n<\/div>\n<\/div>\n<\/div><\/div>\n\n\n\n<hr class=\"wp-block-separator\"\/>\n\n\n\n<div class=\"wp-block-file\"><a href=\"https:\/\/www.monvillage.cafe\/saintmartinsurecaillon\/wp-content\/uploads\/sites\/2\/2021\/01\/bulletin-janvier-2021_11012021.pdf\">bulletin-janvier-2021_11012021<\/a><a href=\"https:\/\/www.monvillage.cafe\/saintmartinsurecaillon\/wp-content\/uploads\/sites\/2\/2021\/01\/bulletin-janvier-2021_11012021.pdf\" class=\"wp-block-file__button\" download>T\u00e9l\u00e9charger<\/a><\/div>\n","protected":false},"excerpt":{"rendered":"<p>En ce d\u00e9but d&rsquo;ann\u00e9e, il est important de se rem\u00e9morer l&rsquo;ann\u00e9e \u00e9coul\u00e9e. Il est important \u00e9galement de se projeter vers la nouvelle. L&rsquo;occasion \u00e9galement de recevoir les v\u0153ux du conseil dans sa bo\u00eete \u00e0 lettres. Si vous n&rsquo;avez pas encore vu la vid\u00e9o des v\u0153ux, c&rsquo;est par ici. Bonne ann\u00e9e \u00e0 tous et prenez soin [&hellip;]<\/p>\n","protected":false},"author":1,"featured_media":0,"comment_status":"closed","ping_status":"open","sticky":false,"template":"","format":"standard","meta":{"_et_pb_use_builder":"off","_et_pb_old_content":"<!-- wp:paragraph -->\n<p>En ce d\u00e9but d'ann\u00e9e, il est important de se rem\u00e9morer l'ann\u00e9e \u00e9coul\u00e9e. Il est important \u00e9galement de se projeter vers la nouvelle. L'occasion \u00e9galement de recevoir les v\u0153ux du conseil dans sa bo\u00eete \u00e0 lettres.<\/p>\n<!-- \/wp:paragraph -->\n\n<!-- wp:paragraph -->\n<p>Si vous n'avez pas encore vu la vid\u00e9o des v\u0153ux, c'est par <a href=\"https:\/\/www.monvillage.cafe\/saintmartinsurecaillon\/voeux-2021-de-la-municipalite\/\" target=\"_blank\" rel=\"noreferrer noopener\">ici<\/a>.<\/p>\n<!-- \/wp:paragraph -->\n\n<!-- wp:paragraph -->\n<p>Bonne ann\u00e9e \u00e0 tous et prenez soin de vous.<\/p>\n<!-- \/wp:paragraph -->\n\n<!-- wp:image {\"id\":2533,\"width\":817,\"height\":1154,\"sizeSlug\":\"large\",\"linkDestination\":\"none\"} -->\n<figure class=\"wp-block-image size-large is-resized\"><a href=\"https:\/\/www.monvillage.cafe\/saintmartinsurecaillon\/wp-content\/uploads\/sites\/2\/2021\/01\/bulletin-janvier-2021_11012021_-final.pdf\" target=\"_blank\" rel=\"noopener\"><img src=\"https:\/\/www.monvillage.cafe\/saintmartinsurecaillon\/wp-content\/uploads\/sites\/2\/2021\/01\/bulleton-p1-725x1024.jpg\" alt=\"\" class=\"wp-image-2533\" width=\"817\" height=\"1154\"\/><\/a><\/figure>\n<!-- \/wp:image -->\n\n<!-- wp:separator -->\n<hr class=\"wp-block-separator\"\/>\n<!-- \/wp:separator -->\n\n<!-- wp:file {\"id\":2534,\"href\":\"https:\/\/www.monvillage.cafe\/saintmartinsurecaillon\/wp-content\/uploads\/sites\/2\/2021\/01\/bulletin-janvier-2021_11012021_-final.pdf\"} -->\n<div class=\"wp-block-file\"><a href=\"https:\/\/www.monvillage.cafe\/saintmartinsurecaillon\/wp-content\/uploads\/sites\/2\/2021\/01\/bulletin-janvier-2021_11012021_-final.pdf\">bulletin-janvier-2021_11012021_-final<\/a><a href=\"https:\/\/www.monvillage.cafe\/saintmartinsurecaillon\/wp-content\/uploads\/sites\/2\/2021\/01\/bulletin-janvier-2021_11012021_-final.pdf\" class=\"wp-block-file__button\" download>T\u00e9l\u00e9charger<\/a><\/div>\n<!-- \/wp:file -->\n\n<!-- wp:group -->\n<div class=\"wp-block-group\"><div class=\"wp-block-group__inner-container\"><!-- wp:columns -->\n<div class=\"wp-block-columns\"><!-- wp:column -->\n<div class=\"wp-block-column\"><\/div>\n<!-- \/wp:column -->\n\n<!-- wp:column -->\n<div class=\"wp-block-column\"><\/div>\n<!-- \/wp:column --><\/div>\n<!-- \/wp:columns --><\/div><\/div>\n<!-- \/wp:group -->","_et_gb_content_width":"","footnotes":""},"categories":[23,3,27,31,13,37,15,16],"tags":[89,122,278,270,233],"class_list":["post-2532","post","type-post","status-publish","format-standard","hentry","category-cimetiere","category-culture","category-ecole","category-les-bulletins","category-coronavirus","category-suivi-des-projets","category-mairie","category-votre-village","tag-1000-cafes","tag-ecluses","tag-rue-villars","tag-sirenes","tag-telethon"],"_links":{"self":[{"href":"https:\/\/www.monvillage.cafe\/saintmartinsurecaillon\/wp-json\/wp\/v2\/posts\/2532","targetHints":{"allow":["GET"]}}],"collection":[{"href":"https:\/\/www.monvillage.cafe\/saintmartinsurecaillon\/wp-json\/wp\/v2\/posts"}],"about":[{"href":"https:\/\/www.monvillage.cafe\/saintmartinsurecaillon\/wp-json\/wp\/v2\/types\/post"}],"author":[{"embeddable":true,"href":"https:\/\/www.monvillage.cafe\/saintmartinsurecaillon\/wp-json\/wp\/v2\/users\/1"}],"replies":[{"embeddable":true,"href":"https:\/\/www.monvillage.cafe\/saintmartinsurecaillon\/wp-json\/wp\/v2\/comments?post=2532"}],"version-history":[{"count":6,"href":"https:\/\/www.monvillage.cafe\/saintmartinsurecaillon\/wp-json\/wp\/v2\/posts\/2532\/revisions"}],"predecessor-version":[{"id":2554,"href":"https:\/\/www.monvillage.cafe\/saintmartinsurecaillon\/wp-json\/wp\/v2\/posts\/2532\/revisions\/2554"}],"wp:attachment":[{"href":"https:\/\/www.monvillage.cafe\/saintmartinsurecaillon\/wp-json\/wp\/v2\/media?parent=2532"}],"wp:term":[{"taxonomy":"category","embeddable":true,"href":"https:\/\/www.monvillage.cafe\/saintmartinsurecaillon\/wp-json\/wp\/v2\/categories?post=2532"},{"taxonomy":"post_tag","embeddable":true,"href":"https:\/\/www.monvillage.cafe\/saintmartinsurecaillon\/wp-json\/wp\/v2\/tags?post=2532"}],"curies":[{"name":"wp","href":"https:\/\/api.w.org\/{rel}","templated":true}]}}