{"id":2452,"date":"2020-12-31T12:00:56","date_gmt":"2020-12-31T11:00:56","guid":{"rendered":"https:\/\/www.monvillage.cafe\/saintmartinsurecaillon\/?p=2452"},"modified":"2020-12-31T11:41:43","modified_gmt":"2020-12-31T10:41:43","slug":"voeux-2021-de-la-municipalite","status":"publish","type":"post","link":"https:\/\/www.monvillage.cafe\/saintmartinsurecaillon\/voeux-2021-de-la-municipalite\/","title":{"rendered":"V\u0153ux 2021 de la municipalit\u00e9"},"content":{"rendered":"<p>[et_pb_section fb_built=\u00a0\u00bb1&Prime; _builder_version=\u00a0\u00bb4.7.7&Prime; _module_preset=\u00a0\u00bbdefault\u00a0\u00bb][et_pb_row _builder_version=\u00a0\u00bb4.7.7&Prime; _module_preset=\u00a0\u00bbdefault\u00a0\u00bb][et_pb_column _builder_version=\u00a0\u00bb4.7.7&Prime; _module_preset=\u00a0\u00bbdefault\u00a0\u00bb type=\u00a0\u00bb4_4&Prime;][et_pb_text _builder_version=\u00a0\u00bb4.7.7&Prime; _module_preset=\u00a0\u00bbdefault\u00a0\u00bb hover_enabled=\u00a0\u00bb0&Prime; sticky_enabled=\u00a0\u00bb0&Prime;]<\/p>\n<p style=\"text-align: justify;\">En cette fin d&rsquo;ann\u00e9e 2020 -qui a \u00e9t\u00e9 \u00f4 combien difficile pour tous- il est important de garder le contact. C&rsquo;est pourquoi, en l&rsquo;absence de la traditionnelle r\u00e9union de pr\u00e9sentation des voeux, la municipalit\u00e9 a souhait\u00e9 s&rsquo;adresser \u00e0 la population de Saint Martin sur Ecaillon en ce 31 d\u00e9cembre 2020. C&rsquo;est donc via une vid\u00e9o que Michel Dhaneus, s&rsquo;adressant au nom du conseil municipal, adresse ses voeux pour 2021.<\/p>\n<p style=\"text-align: justify;\">En raison de la situation sanitaire, et pour respecter les r\u00e8gles \u00e9dict\u00e9es par les autorit\u00e9s, seule une partie du conseil municipal est repr\u00e9sent\u00e9e.<\/p>\n<p style=\"text-align: justify;\">A tous nous vous souhaitons une tr\u00e8s bonne ann\u00e9e et que votre sant\u00e9 soit pr\u00e9serv\u00e9e.<\/p>\n<p>[\/et_pb_text][\/et_pb_column][\/et_pb_row][\/et_pb_section][et_pb_section fb_built=\u00a0\u00bb1&Prime; _builder_version=\u00a0\u00bb4.7.7&Prime; _module_preset=\u00a0\u00bbdefault\u00a0\u00bb][et_pb_row _builder_version=\u00a0\u00bb4.7.7&Prime; _module_preset=\u00a0\u00bbdefault\u00a0\u00bb][et_pb_column _builder_version=\u00a0\u00bb4.7.7&Prime; _module_preset=\u00a0\u00bbdefault\u00a0\u00bb type=\u00a0\u00bb4_4&Prime;][et_pb_video src=\u00a0\u00bbhttps:\/\/www.monvillage.cafe\/saintmartinsurecaillon\/wp-content\/uploads\/sites\/2\/2020\/12\/voeux-2021-saint-martin-sur-ecaillon.mp4&Prime; _builder_version=\u00a0\u00bb4.7.7&Prime; _module_preset=\u00a0\u00bbdefault\u00a0\u00bb title_text=\u00a0\u00bbvoeux 2021 saint martin sur ecaillon\u00a0\u00bb hover_enabled=\u00a0\u00bb0&Prime; sticky_enabled=\u00a0\u00bb0&Prime;][\/et_pb_video][\/et_pb_column][\/et_pb_row][\/et_pb_section]<\/p>\n","protected":false},"excerpt":{"rendered":"<p>En cette fin d&rsquo;ann\u00e9e 2020 -qui a \u00e9t\u00e9 \u00f4 combien difficile pour tous- il est important de garder le contact. C&rsquo;est pourquoi, en l&rsquo;absence de la traditionnelle r\u00e9union de pr\u00e9sentation des voeux, la municipalit\u00e9 a souhait\u00e9 s&rsquo;adresser \u00e0 la population de Saint Martin sur Ecaillon en ce 31 d\u00e9cembre 2020. C&rsquo;est donc via une vid\u00e9o [&hellip;]<\/p>\n","protected":false},"author":1,"featured_media":0,"comment_status":"closed","ping_status":"open","sticky":false,"template":"","format":"standard","meta":{"_et_pb_use_builder":"on","_et_pb_old_content":"","_et_gb_content_width":"","footnotes":""},"categories":[25,4,35,13,37,15,16],"tags":[260],"class_list":["post-2452","post","type-post","status-publish","format-standard","hentry","category-conseil-municipal","category-divers","category-salle-paul-boucly","category-coronavirus","category-suivi-des-projets","category-mairie","category-votre-village","tag-voeux-2021"],"_links":{"self":[{"href":"https:\/\/www.monvillage.cafe\/saintmartinsurecaillon\/wp-json\/wp\/v2\/posts\/2452","targetHints":{"allow":["GET"]}}],"collection":[{"href":"https:\/\/www.monvillage.cafe\/saintmartinsurecaillon\/wp-json\/wp\/v2\/posts"}],"about":[{"href":"https:\/\/www.monvillage.cafe\/saintmartinsurecaillon\/wp-json\/wp\/v2\/types\/post"}],"author":[{"embeddable":true,"href":"https:\/\/www.monvillage.cafe\/saintmartinsurecaillon\/wp-json\/wp\/v2\/users\/1"}],"replies":[{"embeddable":true,"href":"https:\/\/www.monvillage.cafe\/saintmartinsurecaillon\/wp-json\/wp\/v2\/comments?post=2452"}],"version-history":[{"count":2,"href":"https:\/\/www.monvillage.cafe\/saintmartinsurecaillon\/wp-json\/wp\/v2\/posts\/2452\/revisions"}],"predecessor-version":[{"id":2456,"href":"https:\/\/www.monvillage.cafe\/saintmartinsurecaillon\/wp-json\/wp\/v2\/posts\/2452\/revisions\/2456"}],"wp:attachment":[{"href":"https:\/\/www.monvillage.cafe\/saintmartinsurecaillon\/wp-json\/wp\/v2\/media?parent=2452"}],"wp:term":[{"taxonomy":"category","embeddable":true,"href":"https:\/\/www.monvillage.cafe\/saintmartinsurecaillon\/wp-json\/wp\/v2\/categories?post=2452"},{"taxonomy":"post_tag","embeddable":true,"href":"https:\/\/www.monvillage.cafe\/saintmartinsurecaillon\/wp-json\/wp\/v2\/tags?post=2452"}],"curies":[{"name":"wp","href":"https:\/\/api.w.org\/{rel}","templated":true}]}}