{"id":2363,"date":"2020-11-25T14:12:53","date_gmt":"2020-11-25T13:12:53","guid":{"rendered":"https:\/\/www.monvillage.cafe\/saintmartinsurecaillon\/?p=2363"},"modified":"2020-11-25T14:13:40","modified_gmt":"2020-11-25T13:13:40","slug":"telethon-2020-et-si-on-prenait-le-petit-dejeuner-le-dimanche-6-decembre","status":"publish","type":"post","link":"https:\/\/www.monvillage.cafe\/saintmartinsurecaillon\/telethon-2020-et-si-on-prenait-le-petit-dejeuner-le-dimanche-6-decembre\/","title":{"rendered":"T\u00e9l\u00e9thon 2020 : et si on prenait le petit d\u00e9jeuner le dimanche 6 d\u00e9cembre ?"},"content":{"rendered":"\n<figure class=\"wp-block-image\"><img decoding=\"async\" src=\"https:\/\/mail.google.com\/mail\/u\/2?ui=2&amp;ik=7e7f0dd2ba&amp;attid=0.0.1&amp;permmsgid=msg-f:1683621433428706983&amp;th=175d6cc603c086a7&amp;view=fimg&amp;sz=s0-l75-ft&amp;attbid=ANGjdJ8A7o-qvXwdNQnH1N41kh30Lj1VPdcPUnyZHGUgSfkSonjTLuBUuRdODpNBP5AMCqFsO9G_74PpVOKv6f6sHbRUdCyhCMG_3QpQU9Fp6XYrWzxkjK_TnvhgM8w&amp;disp=emb&amp;realattid=175d6cbf32892349b771\" alt=\"1476369143849_AFM_TELETHON_Q.png\"\/><\/figure>\n\n\n\n<p>Cette ann\u00e9e en raison de la crise sanitaire, l&rsquo;op\u00e9ration T\u00e9l\u00e9thon vous propose l&rsquo;op\u00e9ration \u00ab\u00a0Petit-d\u00e9jeuner \u00e0 domicile\u00a0\u00bb !<\/p>\n\n\n\n<p>Au total, ce sont 17 communes du Cambr\u00e9sis qui participe \u00e0 ce d\u00e9fi et je vous remercie pour votre engagement.<\/p>\n\n\n\n<p>Nous prenons les inscriptions par t\u00e9l\u00e9phone et par internet via le site :\u00a0<a rel=\"noreferrer noopener\" href=\"https:\/\/bit.ly\/telethoncambresis\" target=\"_blank\">bit.ly\/telethoncambresis<\/a>\u00a0jusqu&rsquo;au 30 novembre. Apr\u00e8s cette date, nous accepterons quelques retardataires mais il nous faut pr\u00e9voir les achats en avance notamment les mini pots de confitures.<br><br>MERCI ENCORE POUR VOTRE MOBILISATION !<\/p>\n\n\n\n<hr class=\"wp-block-separator\"\/>\n\n\n\n<figure class=\"wp-block-image size-large is-resized\"><img loading=\"lazy\" decoding=\"async\" src=\"https:\/\/www.monvillage.cafe\/saintmartinsurecaillon\/wp-content\/uploads\/sites\/2\/2020\/11\/affiche-petit-dejeuner-a-domicile-724x1024.jpg\" alt=\"\" class=\"wp-image-2364\" width=\"818\" height=\"1157\"\/><\/figure>\n","protected":false},"excerpt":{"rendered":"<p>Cette ann\u00e9e en raison de la crise sanitaire, l&rsquo;op\u00e9ration T\u00e9l\u00e9thon vous propose l&rsquo;op\u00e9ration \u00ab\u00a0Petit-d\u00e9jeuner \u00e0 domicile\u00a0\u00bb ! Au total, ce sont 17 communes du Cambr\u00e9sis qui participe \u00e0 ce d\u00e9fi et je vous remercie pour votre engagement. Nous prenons les inscriptions par t\u00e9l\u00e9phone et par internet via le site :\u00a0bit.ly\/telethoncambresis\u00a0jusqu&rsquo;au 30 novembre. Apr\u00e8s cette date, [&hellip;]<\/p>\n","protected":false},"author":1,"featured_media":0,"comment_status":"closed","ping_status":"open","sticky":false,"template":"","format":"standard","meta":{"_et_pb_use_builder":"off","_et_pb_old_content":"","_et_gb_content_width":"","footnotes":""},"categories":[133,4,12,13,38,15,16],"tags":[233],"class_list":["post-2363","post","type-post","status-publish","format-standard","hentry","category-agenda-votre-village","category-divers","category-sante","category-coronavirus","category-vie-associative","category-mairie","category-votre-village","tag-telethon"],"_links":{"self":[{"href":"https:\/\/www.monvillage.cafe\/saintmartinsurecaillon\/wp-json\/wp\/v2\/posts\/2363","targetHints":{"allow":["GET"]}}],"collection":[{"href":"https:\/\/www.monvillage.cafe\/saintmartinsurecaillon\/wp-json\/wp\/v2\/posts"}],"about":[{"href":"https:\/\/www.monvillage.cafe\/saintmartinsurecaillon\/wp-json\/wp\/v2\/types\/post"}],"author":[{"embeddable":true,"href":"https:\/\/www.monvillage.cafe\/saintmartinsurecaillon\/wp-json\/wp\/v2\/users\/1"}],"replies":[{"embeddable":true,"href":"https:\/\/www.monvillage.cafe\/saintmartinsurecaillon\/wp-json\/wp\/v2\/comments?post=2363"}],"version-history":[{"count":1,"href":"https:\/\/www.monvillage.cafe\/saintmartinsurecaillon\/wp-json\/wp\/v2\/posts\/2363\/revisions"}],"predecessor-version":[{"id":2365,"href":"https:\/\/www.monvillage.cafe\/saintmartinsurecaillon\/wp-json\/wp\/v2\/posts\/2363\/revisions\/2365"}],"wp:attachment":[{"href":"https:\/\/www.monvillage.cafe\/saintmartinsurecaillon\/wp-json\/wp\/v2\/media?parent=2363"}],"wp:term":[{"taxonomy":"category","embeddable":true,"href":"https:\/\/www.monvillage.cafe\/saintmartinsurecaillon\/wp-json\/wp\/v2\/categories?post=2363"},{"taxonomy":"post_tag","embeddable":true,"href":"https:\/\/www.monvillage.cafe\/saintmartinsurecaillon\/wp-json\/wp\/v2\/tags?post=2363"}],"curies":[{"name":"wp","href":"https:\/\/api.w.org\/{rel}","templated":true}]}}