{"id":2295,"date":"2020-11-01T12:09:24","date_gmt":"2020-11-01T11:09:24","guid":{"rendered":"https:\/\/www.monvillage.cafe\/saintmartinsurecaillon\/?p=2295"},"modified":"2020-11-03T08:41:46","modified_gmt":"2020-11-03T07:41:46","slug":"coronavirus-confinement-2-retour-du-cafe-virtuel-mon-village-cafe","status":"publish","type":"post","link":"https:\/\/www.monvillage.cafe\/saintmartinsurecaillon\/coronavirus-confinement-2-retour-du-cafe-virtuel-mon-village-cafe\/","title":{"rendered":"Coronavirus confinement 2 : retour du caf\u00e9 virtuel \u00ab\u00a0Mon Village Caf\u00e9\u00a0\u00bb"},"content":{"rendered":"\n<p>En mars dernier, et pendant toute la dur\u00e9e du confinement version 1, nous avons offert la possibilit\u00e9 \u00e0 la population de notre village de se retrouver tous ensemble tous les soirs via un appel t\u00e9l\u00e9phonique.<\/p>\n\n\n\n<div class=\"wp-block-image\"><figure class=\"aligncenter size-large\"><img decoding=\"async\" src=\"https:\/\/sites.google.com\/a\/saintmartinsurecaillon.com\/mairie-de-saint-martin-sur-ecaillon\/_\/rsrc\/1585129861782\/avis-a-la-population\/rendez-vousdansnotrecafevirtuel\/confcall.jpg\" alt=\"\"\/><\/figure><\/div>\n\n\n\n<p>Pour cette seconde version du confinement, nous r\u00e9it\u00e9rons l&rsquo;exp\u00e9rience. Vous pouvez vous retrouver tous les soirs \u00e0 compter du lundi 2 novembre 2020 \u00e0 18h30 en appelant le <strong>0972160960<\/strong>. Ce num\u00e9ro de conf\u00e9rence t\u00e9l\u00e9phonique permet de pouvoir parler \u00e0 plusieurs sur un m\u00eame appel.<\/p>\n\n\n\n<div class=\"wp-block-image\"><figure class=\"aligncenter size-large\"><img loading=\"lazy\" decoding=\"async\" width=\"500\" height=\"500\" src=\"https:\/\/www.monvillage.cafe\/saintmartinsurecaillon\/wp-content\/uploads\/sites\/2\/2020\/11\/mon-village-cafe-confinement-2.jpg\" alt=\"\" class=\"wp-image-2296\" srcset=\"https:\/\/www.monvillage.cafe\/saintmartinsurecaillon\/wp-content\/uploads\/sites\/2\/2020\/11\/mon-village-cafe-confinement-2.jpg 500w, https:\/\/www.monvillage.cafe\/saintmartinsurecaillon\/wp-content\/uploads\/sites\/2\/2020\/11\/mon-village-cafe-confinement-2-480x480.jpg 480w\" sizes=\"(min-width: 0px) and (max-width: 480px) 480px, (min-width: 481px) 500px, 100vw\" \/><\/figure><\/div>\n\n\n\n<p class=\"has-text-align-center\"><strong>Et n&rsquo;oubliez pas&#8230;<\/strong><\/p>\n\n\n\n<div class=\"wp-block-image\"><figure class=\"aligncenter size-large is-resized\"><img loading=\"lazy\" decoding=\"async\" src=\"https:\/\/www.monvillage.cafe\/saintmartinsurecaillon\/wp-content\/uploads\/sites\/2\/2020\/11\/coronavirus-je-reste-a-la-maison-je-sauve-des-vies.png\" alt=\"\" class=\"wp-image-2297\" width=\"423\" height=\"207\" srcset=\"https:\/\/www.monvillage.cafe\/saintmartinsurecaillon\/wp-content\/uploads\/sites\/2\/2020\/11\/coronavirus-je-reste-a-la-maison-je-sauve-des-vies.png 321w, https:\/\/www.monvillage.cafe\/saintmartinsurecaillon\/wp-content\/uploads\/sites\/2\/2020\/11\/coronavirus-je-reste-a-la-maison-je-sauve-des-vies-300x147.png 300w\" sizes=\"(max-width: 423px) 100vw, 423px\" \/><\/figure><\/div>\n","protected":false},"excerpt":{"rendered":"<p>En mars dernier, et pendant toute la dur\u00e9e du confinement version 1, nous avons offert la possibilit\u00e9 \u00e0 la population de notre village de se retrouver tous ensemble tous les soirs via un appel t\u00e9l\u00e9phonique. Pour cette seconde version du confinement, nous r\u00e9it\u00e9rons l&rsquo;exp\u00e9rience. Vous pouvez vous retrouver tous les soirs \u00e0 compter du lundi [&hellip;]<\/p>\n","protected":false},"author":1,"featured_media":0,"comment_status":"closed","ping_status":"open","sticky":false,"template":"","format":"standard","meta":{"_et_pb_use_builder":"off","_et_pb_old_content":"","_et_gb_content_width":"","footnotes":""},"categories":[133,4,6,12,13,16],"tags":[65,80,67],"class_list":["post-2295","post","type-post","status-publish","format-standard","hentry","category-agenda-votre-village","category-divers","category-gestion-de-crise","category-sante","category-coronavirus","category-votre-village","tag-coronavirus","tag-mon-village-cafe","tag-telephone-mon-village-cafe"],"_links":{"self":[{"href":"https:\/\/www.monvillage.cafe\/saintmartinsurecaillon\/wp-json\/wp\/v2\/posts\/2295","targetHints":{"allow":["GET"]}}],"collection":[{"href":"https:\/\/www.monvillage.cafe\/saintmartinsurecaillon\/wp-json\/wp\/v2\/posts"}],"about":[{"href":"https:\/\/www.monvillage.cafe\/saintmartinsurecaillon\/wp-json\/wp\/v2\/types\/post"}],"author":[{"embeddable":true,"href":"https:\/\/www.monvillage.cafe\/saintmartinsurecaillon\/wp-json\/wp\/v2\/users\/1"}],"replies":[{"embeddable":true,"href":"https:\/\/www.monvillage.cafe\/saintmartinsurecaillon\/wp-json\/wp\/v2\/comments?post=2295"}],"version-history":[{"count":2,"href":"https:\/\/www.monvillage.cafe\/saintmartinsurecaillon\/wp-json\/wp\/v2\/posts\/2295\/revisions"}],"predecessor-version":[{"id":2299,"href":"https:\/\/www.monvillage.cafe\/saintmartinsurecaillon\/wp-json\/wp\/v2\/posts\/2295\/revisions\/2299"}],"wp:attachment":[{"href":"https:\/\/www.monvillage.cafe\/saintmartinsurecaillon\/wp-json\/wp\/v2\/media?parent=2295"}],"wp:term":[{"taxonomy":"category","embeddable":true,"href":"https:\/\/www.monvillage.cafe\/saintmartinsurecaillon\/wp-json\/wp\/v2\/categories?post=2295"},{"taxonomy":"post_tag","embeddable":true,"href":"https:\/\/www.monvillage.cafe\/saintmartinsurecaillon\/wp-json\/wp\/v2\/tags?post=2295"}],"curies":[{"name":"wp","href":"https:\/\/api.w.org\/{rel}","templated":true}]}}