{"id":2154,"date":"2020-09-23T14:22:22","date_gmt":"2020-09-23T12:22:22","guid":{"rendered":"https:\/\/www.monvillage.cafe\/saintmartinsurecaillon\/?p=2154"},"modified":"2020-09-23T14:25:08","modified_gmt":"2020-09-23T12:25:08","slug":"arrete-prefectoral-periode-de-fermeture-des-debits-de-boissons","status":"publish","type":"post","link":"https:\/\/www.monvillage.cafe\/saintmartinsurecaillon\/arrete-prefectoral-periode-de-fermeture-des-debits-de-boissons\/","title":{"rendered":"Arr\u00eat\u00e9 pr\u00e9fectoral : p\u00e9riode de fermeture des d\u00e9bits de boissons"},"content":{"rendered":"<p>[et_pb_section fb_built=\u00a0\u00bb1&Prime; _builder_version=\u00a0\u00bb4.5.8&Prime; _module_preset=\u00a0\u00bbdefault\u00a0\u00bb][et_pb_row _builder_version=\u00a0\u00bb4.5.8&Prime; _module_preset=\u00a0\u00bbdefault\u00a0\u00bb][et_pb_column type=\u00a0\u00bb4_4&Prime; _builder_version=\u00a0\u00bb4.5.8&Prime; _module_preset=\u00a0\u00bbdefault\u00a0\u00bb][et_pb_text _builder_version=\u00a0\u00bb4.5.8&Prime; _module_preset=\u00a0\u00bbdefault\u00a0\u00bb]<\/p>\n<p style=\"text-align: justify;\">Dans le cadre de la lutte contre le Covid-19, et \u00e0 compter du 25 septembre \u00e0 0h30, les \u00e9tablissements list\u00e9s ci-dessous sont tenus de fermer au minimum entre 0h30 et 6h00.<\/p>\n<p style=\"text-align: justify;\"><em><strong>Vous pouvez cliquer sur l&rsquo;image ci-dessous afin d&rsquo;acc\u00e9der \u00e0 l&rsquo;int\u00e9gralit\u00e9 de l&rsquo;arr\u00eat\u00e9.<\/strong><\/em><\/p>\n<p>[\/et_pb_text][\/et_pb_column][\/et_pb_row][et_pb_row _builder_version=\u00a0\u00bb4.5.8&Prime; _module_preset=\u00a0\u00bbdefault\u00a0\u00bb][et_pb_column type=\u00a0\u00bb4_4&Prime; _builder_version=\u00a0\u00bb4.5.8&Prime; _module_preset=\u00a0\u00bbdefault\u00a0\u00bb][et_pb_image src=\u00a0\u00bbhttps:\/\/www.monvillage.cafe\/saintmartinsurecaillon\/wp-content\/uploads\/sites\/2\/2020\/09\/AP_nord_23092020_article1.jpg\u00a0\u00bb title_text=\u00a0\u00bbAP_nord_23092020_article1&Prime; url=\u00a0\u00bbhttps:\/\/www.monvillage.cafe\/saintmartinsurecaillon\/wp-content\/uploads\/sites\/2\/2020\/09\/2020.09.23-prolongation_Restriction_horaires_db-59.pdf\u00a0\u00bb _builder_version=\u00a0\u00bb4.5.8&Prime; _module_preset=\u00a0\u00bbdefault\u00a0\u00bb hover_enabled=\u00a0\u00bb0&Prime; url_new_window=\u00a0\u00bbon\u00a0\u00bb][\/et_pb_image][\/et_pb_column][\/et_pb_row][et_pb_row _builder_version=\u00a0\u00bb4.5.8&Prime; _module_preset=\u00a0\u00bbdefault\u00a0\u00bb][et_pb_column type=\u00a0\u00bb4_4&Prime; _builder_version=\u00a0\u00bb4.5.8&Prime; _module_preset=\u00a0\u00bbdefault\u00a0\u00bb][et_pb_image src=\u00a0\u00bbhttps:\/\/www.monvillage.cafe\/saintmartinsurecaillon\/wp-content\/uploads\/sites\/2\/2020\/09\/AP_nord_23092020.jpg\u00a0\u00bb title_text=\u00a0\u00bbAP_nord_23092020&Prime; url=\u00a0\u00bbhttps:\/\/www.monvillage.cafe\/saintmartinsurecaillon\/wp-content\/uploads\/sites\/2\/2020\/09\/2020.09.23-prolongation_Restriction_horaires_db-59.pdf\u00a0\u00bb _builder_version=\u00a0\u00bb4.5.8&Prime; _module_preset=\u00a0\u00bbdefault\u00a0\u00bb hover_enabled=\u00a0\u00bb0&Prime; url_new_window=\u00a0\u00bbon\u00a0\u00bb][\/et_pb_image][\/et_pb_column][\/et_pb_row][\/et_pb_section]<\/p>\n","protected":false},"excerpt":{"rendered":"<p>Dans le cadre de la lutte contre le Covid-19, et \u00e0 compter du 25 septembre \u00e0 0h30, les \u00e9tablissements list\u00e9s ci-dessous sont tenus de fermer au minimum entre 0h30 et 6h00. Vous pouvez cliquer sur l&rsquo;image ci-dessous afin d&rsquo;acc\u00e9der \u00e0 l&rsquo;int\u00e9gralit\u00e9 de l&rsquo;arr\u00eat\u00e9.<\/p>\n","protected":false},"author":1,"featured_media":0,"comment_status":"closed","ping_status":"open","sticky":false,"template":"","format":"standard","meta":{"_et_pb_use_builder":"on","_et_pb_old_content":"","_et_gb_content_width":"","footnotes":""},"categories":[20,6,9,12,13],"tags":[181,65,180,182,179],"class_list":["post-2154","post","type-post","status-publish","format-standard","hentry","category-arretes-prefectoraux","category-gestion-de-crise","category-institutionnel","category-sante","category-coronavirus","tag-cafe","tag-coronavirus","tag-covid-19","tag-restaurant","tag-sars-cov2"],"_links":{"self":[{"href":"https:\/\/www.monvillage.cafe\/saintmartinsurecaillon\/wp-json\/wp\/v2\/posts\/2154","targetHints":{"allow":["GET"]}}],"collection":[{"href":"https:\/\/www.monvillage.cafe\/saintmartinsurecaillon\/wp-json\/wp\/v2\/posts"}],"about":[{"href":"https:\/\/www.monvillage.cafe\/saintmartinsurecaillon\/wp-json\/wp\/v2\/types\/post"}],"author":[{"embeddable":true,"href":"https:\/\/www.monvillage.cafe\/saintmartinsurecaillon\/wp-json\/wp\/v2\/users\/1"}],"replies":[{"embeddable":true,"href":"https:\/\/www.monvillage.cafe\/saintmartinsurecaillon\/wp-json\/wp\/v2\/comments?post=2154"}],"version-history":[{"count":5,"href":"https:\/\/www.monvillage.cafe\/saintmartinsurecaillon\/wp-json\/wp\/v2\/posts\/2154\/revisions"}],"predecessor-version":[{"id":2165,"href":"https:\/\/www.monvillage.cafe\/saintmartinsurecaillon\/wp-json\/wp\/v2\/posts\/2154\/revisions\/2165"}],"wp:attachment":[{"href":"https:\/\/www.monvillage.cafe\/saintmartinsurecaillon\/wp-json\/wp\/v2\/media?parent=2154"}],"wp:term":[{"taxonomy":"category","embeddable":true,"href":"https:\/\/www.monvillage.cafe\/saintmartinsurecaillon\/wp-json\/wp\/v2\/categories?post=2154"},{"taxonomy":"post_tag","embeddable":true,"href":"https:\/\/www.monvillage.cafe\/saintmartinsurecaillon\/wp-json\/wp\/v2\/tags?post=2154"}],"curies":[{"name":"wp","href":"https:\/\/api.w.org\/{rel}","templated":true}]}}