{"id":2124,"date":"2020-09-18T13:51:24","date_gmt":"2020-09-18T11:51:24","guid":{"rendered":"https:\/\/www.monvillage.cafe\/saintmartinsurecaillon\/?p=2124"},"modified":"2020-09-18T13:51:25","modified_gmt":"2020-09-18T11:51:25","slug":"la-boutique-des-produits-fermiers-en-circuit-court-a-saint-martin-sur-ecaillon","status":"publish","type":"post","link":"https:\/\/www.monvillage.cafe\/saintmartinsurecaillon\/la-boutique-des-produits-fermiers-en-circuit-court-a-saint-martin-sur-ecaillon\/","title":{"rendered":"La boutique des produits fermiers en circuit court \u00e0 Saint Martin sur Ecaillon"},"content":{"rendered":"\n<p>Nos \u00e9lus se mobilisent chaque samedi matin salle Paul Boucly, point de retrait de vos commandes pass\u00e9es sur \u00ab\u00a0Ma Boutique Fermi\u00e8re du Pays Solesmois\u00a0\u00bb (<a href=\"https:\/\/www.maboutiquefermiere.fr\/producteursdusolesmois\" target=\"_blank\" rel=\"noreferrer noopener\">https:\/\/www.maboutiquefermiere.fr\/producteursdusolesmois<\/a>).<\/p>\n\n\n\n<p>Vous y retrouverez de beaux et g\u00e9n\u00e9reux produits fermiers et locaux : aromates, bi\u00e8res,  boulangerie, cr\u00e8merie, \u00e9picerie, l\u00e9gumes, textile.<\/p>\n\n\n\n<div class=\"wp-block-image\"><figure class=\"aligncenter size-large\"><a href=\"https:\/\/www.maboutiquefermiere.fr\/producteursdusolesmois\" target=\"_blank\" rel=\"noopener noreferrer\"><img loading=\"lazy\" decoding=\"async\" width=\"595\" height=\"446\" src=\"https:\/\/www.monvillage.cafe\/saintmartinsurecaillon\/wp-content\/uploads\/sites\/2\/2020\/09\/ma-boutique-fermiere-producteurs-du-solesmois.jpg\" alt=\"\" class=\"wp-image-2125\" srcset=\"https:\/\/www.monvillage.cafe\/saintmartinsurecaillon\/wp-content\/uploads\/sites\/2\/2020\/09\/ma-boutique-fermiere-producteurs-du-solesmois.jpg 595w, https:\/\/www.monvillage.cafe\/saintmartinsurecaillon\/wp-content\/uploads\/sites\/2\/2020\/09\/ma-boutique-fermiere-producteurs-du-solesmois-480x360.jpg 480w\" sizes=\"(min-width: 0px) and (max-width: 480px) 480px, (min-width: 481px) 595px, 100vw\" \/><\/a><\/figure><\/div>\n\n\n\n<p>Commandez en ligne entre le mardi et le jeudi 12 h, pour une livraison dans votre commune le samedi entre 10 h et 12 h. Pensez \u00e0 prendre votre cabas.<\/p>\n\n\n\n<figure class=\"wp-block-image size-large\"><img loading=\"lazy\" decoding=\"async\" width=\"1000\" height=\"608\" src=\"https:\/\/www.monvillage.cafe\/saintmartinsurecaillon\/wp-content\/uploads\/sites\/2\/2020\/09\/panier-1.jpg\" alt=\"\" class=\"wp-image-2126\" srcset=\"https:\/\/www.monvillage.cafe\/saintmartinsurecaillon\/wp-content\/uploads\/sites\/2\/2020\/09\/panier-1.jpg 1000w, https:\/\/www.monvillage.cafe\/saintmartinsurecaillon\/wp-content\/uploads\/sites\/2\/2020\/09\/panier-1-980x596.jpg 980w, https:\/\/www.monvillage.cafe\/saintmartinsurecaillon\/wp-content\/uploads\/sites\/2\/2020\/09\/panier-1-480x292.jpg 480w\" sizes=\"(min-width: 0px) and (max-width: 480px) 480px, (min-width: 481px) and (max-width: 980px) 980px, (min-width: 981px) 1000px, 100vw\" \/><\/figure>\n\n\n\n<figure class=\"wp-block-image size-large\"><img loading=\"lazy\" decoding=\"async\" width=\"1000\" height=\"450\" src=\"https:\/\/www.monvillage.cafe\/saintmartinsurecaillon\/wp-content\/uploads\/sites\/2\/2020\/09\/panier-2.jpg\" alt=\"\" class=\"wp-image-2127\" srcset=\"https:\/\/www.monvillage.cafe\/saintmartinsurecaillon\/wp-content\/uploads\/sites\/2\/2020\/09\/panier-2.jpg 1000w, https:\/\/www.monvillage.cafe\/saintmartinsurecaillon\/wp-content\/uploads\/sites\/2\/2020\/09\/panier-2-980x441.jpg 980w, https:\/\/www.monvillage.cafe\/saintmartinsurecaillon\/wp-content\/uploads\/sites\/2\/2020\/09\/panier-2-480x216.jpg 480w\" sizes=\"(min-width: 0px) and (max-width: 480px) 480px, (min-width: 481px) and (max-width: 980px) 980px, (min-width: 981px) 1000px, 100vw\" \/><\/figure>\n","protected":false},"excerpt":{"rendered":"<p>Nos \u00e9lus se mobilisent chaque samedi matin salle Paul Boucly, point de retrait de vos commandes pass\u00e9es sur \u00ab\u00a0Ma Boutique Fermi\u00e8re du Pays Solesmois\u00a0\u00bb (https:\/\/www.maboutiquefermiere.fr\/producteursdusolesmois). Vous y retrouverez de beaux et g\u00e9n\u00e9reux produits fermiers et locaux : aromates, bi\u00e8res, boulangerie, cr\u00e8merie, \u00e9picerie, l\u00e9gumes, textile. Commandez en ligne entre le mardi et le jeudi 12 h, [&hellip;]<\/p>\n","protected":false},"author":1,"featured_media":0,"comment_status":"closed","ping_status":"open","sticky":false,"template":"","format":"standard","meta":{"_et_pb_use_builder":"off","_et_pb_old_content":"","_et_gb_content_width":"","footnotes":""},"categories":[2,4,5,113,35,12,15,16],"tags":[169,171,170,167,168],"class_list":["post-2124","post","type-post","status-publish","format-standard","hentry","category-ccps","category-divers","category-emploi","category-environnement","category-salle-paul-boucly","category-sante","category-mairie","category-votre-village","tag-alimentation","tag-fruits","tag-legumes","tag-maboutiquefermiere-fr","tag-producteurs-locaux"],"_links":{"self":[{"href":"https:\/\/www.monvillage.cafe\/saintmartinsurecaillon\/wp-json\/wp\/v2\/posts\/2124","targetHints":{"allow":["GET"]}}],"collection":[{"href":"https:\/\/www.monvillage.cafe\/saintmartinsurecaillon\/wp-json\/wp\/v2\/posts"}],"about":[{"href":"https:\/\/www.monvillage.cafe\/saintmartinsurecaillon\/wp-json\/wp\/v2\/types\/post"}],"author":[{"embeddable":true,"href":"https:\/\/www.monvillage.cafe\/saintmartinsurecaillon\/wp-json\/wp\/v2\/users\/1"}],"replies":[{"embeddable":true,"href":"https:\/\/www.monvillage.cafe\/saintmartinsurecaillon\/wp-json\/wp\/v2\/comments?post=2124"}],"version-history":[{"count":1,"href":"https:\/\/www.monvillage.cafe\/saintmartinsurecaillon\/wp-json\/wp\/v2\/posts\/2124\/revisions"}],"predecessor-version":[{"id":2128,"href":"https:\/\/www.monvillage.cafe\/saintmartinsurecaillon\/wp-json\/wp\/v2\/posts\/2124\/revisions\/2128"}],"wp:attachment":[{"href":"https:\/\/www.monvillage.cafe\/saintmartinsurecaillon\/wp-json\/wp\/v2\/media?parent=2124"}],"wp:term":[{"taxonomy":"category","embeddable":true,"href":"https:\/\/www.monvillage.cafe\/saintmartinsurecaillon\/wp-json\/wp\/v2\/categories?post=2124"},{"taxonomy":"post_tag","embeddable":true,"href":"https:\/\/www.monvillage.cafe\/saintmartinsurecaillon\/wp-json\/wp\/v2\/tags?post=2124"}],"curies":[{"name":"wp","href":"https:\/\/api.w.org\/{rel}","templated":true}]}}