{"id":1966,"date":"2020-07-16T16:58:39","date_gmt":"2020-07-16T14:58:39","guid":{"rendered":"https:\/\/www.monvillage.cafe\/saintmartinsurecaillon\/?p=1966"},"modified":"2020-07-16T17:06:26","modified_gmt":"2020-07-16T15:06:26","slug":"commander-vos-produits-locaux-sur-la-plateforme-fermiere","status":"publish","type":"post","link":"https:\/\/www.monvillage.cafe\/saintmartinsurecaillon\/commander-vos-produits-locaux-sur-la-plateforme-fermiere\/","title":{"rendered":"Commander vos produits locaux sur la plateforme fermi\u00e8re"},"content":{"rendered":"<p>[et_pb_section fb_built=\u00a0\u00bb1&Prime; _builder_version=\u00a0\u00bb4.5.0&Prime; hover_enabled=\u00a0\u00bb0&Prime; custom_padding=\u00a0\u00bb||0px||false|false\u00a0\u00bb][et_pb_row _builder_version=\u00a0\u00bb3.25&Prime; background_size=\u00a0\u00bbinitial\u00a0\u00bb background_position=\u00a0\u00bbtop_left\u00a0\u00bb background_repeat=\u00a0\u00bbrepeat\u00a0\u00bb][et_pb_column type=\u00a0\u00bb4_4&Prime; _builder_version=\u00a0\u00bb3.25&Prime; custom_padding=\u00a0\u00bb|||\u00a0\u00bb custom_padding__hover=\u00a0\u00bb|||\u00a0\u00bb][et_pb_text _builder_version=\u00a0\u00bb4.5.0&Prime; background_size=\u00a0\u00bbinitial\u00a0\u00bb background_position=\u00a0\u00bbtop_left\u00a0\u00bb background_repeat=\u00a0\u00bbrepeat\u00a0\u00bb hover_enabled=\u00a0\u00bb0&Prime;]<\/p>\n<p style=\"text-align: justify;\">CCPS :\u00a0<a href=\"http:\/\/www.ccpays-solesmois.fr\/\" target=\"_blank\" rel=\"noopener noreferrer\">http:\/\/www.ccpays-solesmois.fr\/<\/a><\/p>\n<p style=\"text-align: justify;\">\n<p style=\"text-align: justify;\"><!-- divi:paragraph -->Dans le cadre du <strong>Programme AgriBio<\/strong> et pour aider les producteurs dans un contexte de crise, la CCPS a mont\u00e9 une plateforme en ligne mettant en lien l\u2019offre des producteurs locaux et la demande des consommateurs, habitants du territoire.<\/p>\n<p style=\"text-align: justify;\"><!-- \/divi:paragraph --><\/p>\n<p style=\"text-align: justify;\"><!-- divi:paragraph -->Voici le fonctionnement : chaque semaine, les consommateurs pourront se rendre sur le site d\u00e9di\u00e9 (http:\/\/maboutiquefermiere.fr\/producteursdusolesmois), remplir leur panier de produits locaux, payer en ligne et retirer leur commande dans l\u2019un des deux points-relais, en fonction de la date.<\/p>\n<p style=\"text-align: justify;\"><!-- \/divi:paragraph --><\/p>\n<ul>\n<li style=\"text-align: justify;\"><!-- divi:paragraph -->Pour le retrait du jeudi \u00e0 <strong>Vertain<\/strong> (<strong>chez Betty,<\/strong> de 16h30 \u00e0 19h30), possibilit\u00e9 de commander les produits d\u00e8s maintenant et jusqu\u2019\u00e0 mardi 12 heures.<\/li>\n<li style=\"text-align: justify;\">Pour le retrait du samedi matin \u00e0 <strong>Saint-Martin sur Ecaillon<\/strong> (de 10h \u00e0 12h \u00e0 la salle <strong>Paul Boucly<\/strong>), possibilit\u00e9 de commander de mardi \u00e0 jeudi 12 heures.<\/li>\n<\/ul>\n<p style=\"text-align: justify;\"><!-- \/divi:paragraph --><\/p>\n<p style=\"text-align: justify;\"><!-- divi:paragraph -->Pour plus d\u2019informations, vous pouvez retrouver des information dans l&rsquo;article paru dans la Voix du Nord : <a href=\"https:\/\/www.lavoixdunord.fr\/838117\/article\/2020-07-11\/manger-local-et-de-qualite-en-pays-solesmois-est-plus-que-jamais-facile\">https:\/\/www.lavoixdunord.fr\/838117\/article\/2020-07-11\/manger-local-et-de-qualite-en-pays-solesmois-est-plus-que-jamais-facile<\/a>\u00a0(acc\u00e8s abonn\u00e9s).<\/p>\n<p style=\"text-align: justify;\"><!-- \/divi:paragraph --><\/p>\n<p style=\"text-align: justify;\"><!-- \/divi:paragraph --><\/p>\n<p>[\/et_pb_text][\/et_pb_column][\/et_pb_row][\/et_pb_section][et_pb_section fb_built=\u00a0\u00bb1&Prime; _builder_version=\u00a0\u00bb4.5.0&Prime; _module_preset=\u00a0\u00bbdefault\u00a0\u00bb custom_padding=\u00a0\u00bb0px||||false|false\u00a0\u00bb hover_enabled=\u00a0\u00bb0&Prime;][et_pb_row _builder_version=\u00a0\u00bb4.5.0&Prime; _module_preset=\u00a0\u00bbdefault\u00a0\u00bb column_structure=\u00a0\u00bb1_2,1_2&Prime;][et_pb_column _builder_version=\u00a0\u00bb4.5.0&Prime; _module_preset=\u00a0\u00bbdefault\u00a0\u00bb type=\u00a0\u00bb1_2&Prime;][et_pb_image src=\u00a0\u00bbhttps:\/\/www.monvillage.cafe\/saintmartinsurecaillon\/wp-content\/uploads\/sites\/2\/2020\/07\/plateformefermiere.png\u00a0\u00bb _builder_version=\u00a0\u00bb4.5.0&Prime; _module_preset=\u00a0\u00bbdefault\u00a0\u00bb hover_enabled=\u00a0\u00bb0&Prime; title_text=\u00a0\u00bbplateformefermiere\u00a0\u00bb][\/et_pb_image][\/et_pb_column][et_pb_column _builder_version=\u00a0\u00bb4.5.0&Prime; _module_preset=\u00a0\u00bbdefault\u00a0\u00bb type=\u00a0\u00bb1_2&Prime;][et_pb_image src=\u00a0\u00bbhttps:\/\/www.monvillage.cafe\/saintmartinsurecaillon\/wp-content\/uploads\/sites\/2\/2020\/07\/plateformefermiere2.png\u00a0\u00bb _builder_version=\u00a0\u00bb4.5.0&Prime; _module_preset=\u00a0\u00bbdefault\u00a0\u00bb title_text=\u00a0\u00bbplateformefermiere2&Prime; hover_enabled=\u00a0\u00bb0&Prime;][\/et_pb_image][\/et_pb_column][\/et_pb_row][\/et_pb_section]<\/p>\n","protected":false},"excerpt":{"rendered":"<p>CCPS :\u00a0http:\/\/www.ccpays-solesmois.fr\/ Dans le cadre du Programme AgriBio et pour aider les producteurs dans un contexte de crise, la CCPS a mont\u00e9 une plateforme en ligne mettant en lien l\u2019offre des producteurs locaux et la demande des consommateurs, habitants du territoire. Voici le fonctionnement : chaque semaine, les consommateurs pourront se rendre sur le site [&hellip;]<\/p>\n","protected":false},"author":1,"featured_media":0,"comment_status":"closed","ping_status":"open","sticky":false,"template":"","format":"standard","meta":{"_et_pb_use_builder":"on","_et_pb_old_content":"<!-- wp:paragraph -->\n<p>Dans le cadre du <strong>Programme AgriBio<\/strong> et pour aider les producteurs dans un contexte de crise, la CCPS a mont\u00e9 une plateforme en ligne mettant en lien l\u2019offre des producteurs locaux et la demande des consommateurs, habitants du territoire.<\/p>\n<!-- \/wp:paragraph -->\n\n<!-- wp:paragraph -->\n<p>Voici le fonctionnement : chaque semaine, les consommateurs pourront se rendre sur le site d\u00e9di\u00e9 ( http:\/\/maboutiquefermiere.fr\/producteursdusolesmois), remplir leur panier de produits locaux, payer en ligne et retirer leur commande dans l\u2019un des deux points-relais, en fonction de la date.<\/p>\n<!-- \/wp:paragraph -->\n\n<!-- wp:paragraph -->\n<p>Pour le retrait du jeudi \u00e0 Vertain (chez Betty, de 16h30 \u00e0 19h30), possibilit\u00e9 de commander les produits d\u00e8s maintenant et jusqu\u2019\u00e0 mardi 12 heures.<br>Pour le retrait du samedi matin \u00e0 Saint-Martin sur Ecaillon (de 10h \u00e0 12h \u00e0 la salle Paul Boucly), possibilit\u00e9 de commander de mardi \u00e0 jeudi 12 heures.<\/p>\n<!-- \/wp:paragraph -->\n\n<!-- wp:paragraph -->\n<p>Pour plus d\u2019informations, je vous joins l\u2019article de la Voix du Nord : https:\/\/www.lavoixdunord.fr\/838117\/article\/2020-07-11\/manger-local-et-de-qualite-en-pays-solesmois-est-plus-que-jamais-facile.<\/p>\n<!-- \/wp:paragraph -->\n\n<!-- wp:paragraph -->\n<p>Pourriez-vous diffuser cette information sur Internet et dans vos r\u00e9seaux ?<\/p>\n<!-- \/wp:paragraph -->","_et_gb_content_width":"","footnotes":""},"categories":[2,35,13],"tags":[137,138,139],"class_list":["post-1966","post","type-post","status-publish","format-standard","hentry","category-ccps","category-salle-paul-boucly","category-coronavirus","tag-agribio","tag-plateforme-dermiere","tag-produits-locaux"],"_links":{"self":[{"href":"https:\/\/www.monvillage.cafe\/saintmartinsurecaillon\/wp-json\/wp\/v2\/posts\/1966","targetHints":{"allow":["GET"]}}],"collection":[{"href":"https:\/\/www.monvillage.cafe\/saintmartinsurecaillon\/wp-json\/wp\/v2\/posts"}],"about":[{"href":"https:\/\/www.monvillage.cafe\/saintmartinsurecaillon\/wp-json\/wp\/v2\/types\/post"}],"author":[{"embeddable":true,"href":"https:\/\/www.monvillage.cafe\/saintmartinsurecaillon\/wp-json\/wp\/v2\/users\/1"}],"replies":[{"embeddable":true,"href":"https:\/\/www.monvillage.cafe\/saintmartinsurecaillon\/wp-json\/wp\/v2\/comments?post=1966"}],"version-history":[{"count":3,"href":"https:\/\/www.monvillage.cafe\/saintmartinsurecaillon\/wp-json\/wp\/v2\/posts\/1966\/revisions"}],"predecessor-version":[{"id":1976,"href":"https:\/\/www.monvillage.cafe\/saintmartinsurecaillon\/wp-json\/wp\/v2\/posts\/1966\/revisions\/1976"}],"wp:attachment":[{"href":"https:\/\/www.monvillage.cafe\/saintmartinsurecaillon\/wp-json\/wp\/v2\/media?parent=1966"}],"wp:term":[{"taxonomy":"category","embeddable":true,"href":"https:\/\/www.monvillage.cafe\/saintmartinsurecaillon\/wp-json\/wp\/v2\/categories?post=1966"},{"taxonomy":"post_tag","embeddable":true,"href":"https:\/\/www.monvillage.cafe\/saintmartinsurecaillon\/wp-json\/wp\/v2\/tags?post=1966"}],"curies":[{"name":"wp","href":"https:\/\/api.w.org\/{rel}","templated":true}]}}