{"id":1892,"date":"2020-07-08T15:34:28","date_gmt":"2020-07-08T13:34:28","guid":{"rendered":"https:\/\/www.monvillage.cafe\/saintmartinsurecaillon\/?p=1892"},"modified":"2020-07-10T12:40:36","modified_gmt":"2020-07-10T10:40:36","slug":"seniors-dynamiques-cest-la-reprise","status":"publish","type":"post","link":"https:\/\/www.monvillage.cafe\/saintmartinsurecaillon\/seniors-dynamiques-cest-la-reprise\/","title":{"rendered":"Seniors dynamiques : C&rsquo;est la reprise !"},"content":{"rendered":"\n<div class=\"wp-block-divi-layout\">[et_pb_section fb_built=\u00a0\u00bb1&Prime; _builder_version=\u00a0\u00bb4.4.9&Prime;][et_pb_row _builder_version=\u00a0\u00bb4.4.9&Prime; column_structure=\u00a0\u00bb2_5,3_5&Prime;][et_pb_column _builder_version=\u00a0\u00bb4.4.9&Prime; type=\u00a0\u00bb2_5&Prime;][et_pb_image src=\u00a0\u00bbhttps:\/\/www.monvillage.cafe\/saintmartinsurecaillon\/wp-content\/uploads\/sites\/2\/2020\/07\/reprise-seniors-dynamiques.jpg\u00a0\u00bb _builder_version=\u00a0\u00bb4.4.9&Prime; title_text=\u00a0\u00bbreprise seniors dynamiques\u00a0\u00bb hover_enabled=\u00a0\u00bb0&Prime;][\/et_pb_image][\/et_pb_column][et_pb_column _builder_version=\u00a0\u00bb4.4.9&Prime; type=\u00a0\u00bb3_5&Prime;][et_pb_text _builder_version=\u00a0\u00bb4.4.9&Prime; hover_enabled=\u00a0\u00bb0&Prime;]<p style=\"text-align: justify;\">Nous venons de vivre une p\u00e9riode difficile et apr\u00e8s plus de trois mois d&rsquo;interruption, les permanences de l&rsquo;Association Les Seniors dynamiques reprennent enfin !<\/p>\n<p style=\"text-align: justify;\">Le grand jour aura lieu le <strong>jeudi 30 juillet 2020<\/strong> \u00e0 l&rsquo;horaire habituel (14h30) \u00e0 la salle Paul Boucly.<\/p>\n<p style=\"text-align: justify;\">Tous les membres sont invit\u00e9s bien entendu et les personnes qui souhaitent d\u00e9couvrir le club \u00e9galement.<\/p>\n<p style=\"text-align: justify;\">Nous esp\u00e9rons vous retrouver en bonne sant\u00e9 et pour la conserver nous repecterons les gestes barri\u00e8re impos\u00e9s par la situation.<\/p>\n<p style=\"text-align: justify;\">Pour tous renseignements, vous pouvez contacter la Pr\u00e9sidente du club :<\/p>\n<p style=\"text-align: justify;\"><em>Netty Capelle : 03.27.07.04.84 ou 06.37.78.31.11<\/em><\/p>\n[\/et_pb_text][\/et_pb_column][\/et_pb_row][\/et_pb_section]<\/div>\n","protected":false},"excerpt":{"rendered":"","protected":false},"author":1,"featured_media":0,"comment_status":"closed","ping_status":"open","sticky":false,"template":"","format":"standard","meta":{"_et_pb_use_builder":"off","_et_pb_old_content":"","_et_gb_content_width":"","footnotes":""},"categories":[133,35,38],"tags":[128],"class_list":["post-1892","post","type-post","status-publish","format-standard","hentry","category-agenda-votre-village","category-salle-paul-boucly","category-vie-associative","tag-seniors-dynamiques"],"_links":{"self":[{"href":"https:\/\/www.monvillage.cafe\/saintmartinsurecaillon\/wp-json\/wp\/v2\/posts\/1892","targetHints":{"allow":["GET"]}}],"collection":[{"href":"https:\/\/www.monvillage.cafe\/saintmartinsurecaillon\/wp-json\/wp\/v2\/posts"}],"about":[{"href":"https:\/\/www.monvillage.cafe\/saintmartinsurecaillon\/wp-json\/wp\/v2\/types\/post"}],"author":[{"embeddable":true,"href":"https:\/\/www.monvillage.cafe\/saintmartinsurecaillon\/wp-json\/wp\/v2\/users\/1"}],"replies":[{"embeddable":true,"href":"https:\/\/www.monvillage.cafe\/saintmartinsurecaillon\/wp-json\/wp\/v2\/comments?post=1892"}],"version-history":[{"count":1,"href":"https:\/\/www.monvillage.cafe\/saintmartinsurecaillon\/wp-json\/wp\/v2\/posts\/1892\/revisions"}],"predecessor-version":[{"id":1894,"href":"https:\/\/www.monvillage.cafe\/saintmartinsurecaillon\/wp-json\/wp\/v2\/posts\/1892\/revisions\/1894"}],"wp:attachment":[{"href":"https:\/\/www.monvillage.cafe\/saintmartinsurecaillon\/wp-json\/wp\/v2\/media?parent=1892"}],"wp:term":[{"taxonomy":"category","embeddable":true,"href":"https:\/\/www.monvillage.cafe\/saintmartinsurecaillon\/wp-json\/wp\/v2\/categories?post=1892"},{"taxonomy":"post_tag","embeddable":true,"href":"https:\/\/www.monvillage.cafe\/saintmartinsurecaillon\/wp-json\/wp\/v2\/tags?post=1892"}],"curies":[{"name":"wp","href":"https:\/\/api.w.org\/{rel}","templated":true}]}}