{"id":1793,"date":"2020-06-22T18:39:00","date_gmt":"2020-06-22T16:39:00","guid":{"rendered":"https:\/\/www.monvillage.cafe\/saintmartinsurecaillon\/?p=1793"},"modified":"2020-07-03T18:43:34","modified_gmt":"2020-07-03T16:43:34","slug":"coronavirus-distribution-de-masques-reutilisables","status":"publish","type":"post","link":"https:\/\/www.monvillage.cafe\/saintmartinsurecaillon\/coronavirus-distribution-de-masques-reutilisables\/","title":{"rendered":"Coronavirus : distribution de masques r\u00e9utilisables"},"content":{"rendered":"\n<p>Le samedi 20 juin 2020, le conseil municipal a proc\u00e9d\u00e9 \u00e0 la distribution de masques r\u00e9utilisables (un par personne). Ces masques (\u00e0 usage non sanitaire) sont destin\u00e9s aux professionnels et aux particuliers pour pr\u00e9venir les projections de gouttelettes et ainsi lutter contre la propagation du Covid-19.Ces masques sont de production locale puisque fabriqu\u00e9s \u00e0 Proville. Ils sont lavables et par cons\u00e9quent r\u00e9utilisables.<\/p>\n\n\n\n<div class=\"wp-block-image\"><figure class=\"aligncenter size-large\"><img decoding=\"async\" src=\"https:\/\/sites.google.com\/a\/saintmartinsurecaillon.com\/mairie-de-saint-martin-sur-ecaillon\/_\/rsrc\/1592827225222\/avis-a-la-population\/coronavirusdistributiondemasquesreutilisables\/masques1.jpg\" alt=\"\"\/><\/figure><\/div>\n\n\n\n<div class=\"wp-block-image\"><figure class=\"aligncenter size-large\"><img decoding=\"async\" src=\"https:\/\/sites.google.com\/a\/saintmartinsurecaillon.com\/mairie-de-saint-martin-sur-ecaillon\/_\/rsrc\/1592827225186\/avis-a-la-population\/coronavirusdistributiondemasquesreutilisables\/cerecare.jpg\" alt=\"\"\/><\/figure><\/div>\n","protected":false},"excerpt":{"rendered":"<p>Le samedi 20 juin 2020, le conseil municipal a proc\u00e9d\u00e9 \u00e0 la distribution de masques r\u00e9utilisables (un par personne). Ces masques (\u00e0 usage non sanitaire) sont destin\u00e9s aux professionnels et aux particuliers pour pr\u00e9venir les projections de gouttelettes et ainsi lutter contre la propagation du Covid-19.Ces masques sont de production locale puisque fabriqu\u00e9s \u00e0 Proville. [&hellip;]<\/p>\n","protected":false},"author":1,"featured_media":0,"comment_status":"closed","ping_status":"open","sticky":false,"template":"","format":"standard","meta":{"_et_pb_use_builder":"off","_et_pb_old_content":"","_et_gb_content_width":"","footnotes":""},"categories":[4,6,12,13],"tags":[65,77,51,68],"class_list":["post-1793","post","type-post","status-publish","format-standard","hentry","category-divers","category-gestion-de-crise","category-sante","category-coronavirus","tag-coronavirus","tag-gestes-barrieres","tag-masque","tag-propagation-coronavirus"],"_links":{"self":[{"href":"https:\/\/www.monvillage.cafe\/saintmartinsurecaillon\/wp-json\/wp\/v2\/posts\/1793","targetHints":{"allow":["GET"]}}],"collection":[{"href":"https:\/\/www.monvillage.cafe\/saintmartinsurecaillon\/wp-json\/wp\/v2\/posts"}],"about":[{"href":"https:\/\/www.monvillage.cafe\/saintmartinsurecaillon\/wp-json\/wp\/v2\/types\/post"}],"author":[{"embeddable":true,"href":"https:\/\/www.monvillage.cafe\/saintmartinsurecaillon\/wp-json\/wp\/v2\/users\/1"}],"replies":[{"embeddable":true,"href":"https:\/\/www.monvillage.cafe\/saintmartinsurecaillon\/wp-json\/wp\/v2\/comments?post=1793"}],"version-history":[{"count":1,"href":"https:\/\/www.monvillage.cafe\/saintmartinsurecaillon\/wp-json\/wp\/v2\/posts\/1793\/revisions"}],"predecessor-version":[{"id":1794,"href":"https:\/\/www.monvillage.cafe\/saintmartinsurecaillon\/wp-json\/wp\/v2\/posts\/1793\/revisions\/1794"}],"wp:attachment":[{"href":"https:\/\/www.monvillage.cafe\/saintmartinsurecaillon\/wp-json\/wp\/v2\/media?parent=1793"}],"wp:term":[{"taxonomy":"category","embeddable":true,"href":"https:\/\/www.monvillage.cafe\/saintmartinsurecaillon\/wp-json\/wp\/v2\/categories?post=1793"},{"taxonomy":"post_tag","embeddable":true,"href":"https:\/\/www.monvillage.cafe\/saintmartinsurecaillon\/wp-json\/wp\/v2\/tags?post=1793"}],"curies":[{"name":"wp","href":"https:\/\/api.w.org\/{rel}","templated":true}]}}