{"id":1773,"date":"2020-05-18T17:52:00","date_gmt":"2020-05-18T15:52:00","guid":{"rendered":"https:\/\/www.monvillage.cafe\/saintmartinsurecaillon\/?p=1773"},"modified":"2020-07-10T12:39:19","modified_gmt":"2020-07-10T10:39:19","slug":"convocation-installation-du-conseil-municipal","status":"publish","type":"post","link":"https:\/\/www.monvillage.cafe\/saintmartinsurecaillon\/convocation-installation-du-conseil-municipal\/","title":{"rendered":"Convocation : installation du conseil municipal"},"content":{"rendered":"\n<p>En raison de la crise du Coronavirus et de la mise en confinement de la France, le conseil \u00e9lu le 15 mars dernier n&rsquo;a pu \u00eatre install\u00e9.Ce sera donc le dimanche 24 mai \u00e0 10 h que l&rsquo;\u00e9lection du maire et des adjoints aura lieu.A noter que cette r\u00e9union aura lieu \u00e0 huis clos.<\/p>\n\n\n\n<figure class=\"wp-block-image size-large\"><img decoding=\"async\" src=\"https:\/\/sites.google.com\/a\/saintmartinsurecaillon.com\/mairie-de-saint-martin-sur-ecaillon\/_\/rsrc\/1589802473817\/avis-a-la-population\/convocationinstallationduconseilmunicipal\/installation%20conseil.jpg\" alt=\"\"\/><\/figure>\n","protected":false},"excerpt":{"rendered":"<p>En raison de la crise du Coronavirus et de la mise en confinement de la France, le conseil \u00e9lu le 15 mars dernier n&rsquo;a pu \u00eatre install\u00e9.Ce sera donc le dimanche 24 mai \u00e0 10 h que l&rsquo;\u00e9lection du maire et des adjoints aura lieu.A noter que cette r\u00e9union aura lieu \u00e0 huis clos.<\/p>\n","protected":false},"author":1,"featured_media":0,"comment_status":"closed","ping_status":"open","sticky":false,"template":"","format":"standard","meta":{"_et_pb_use_builder":"off","_et_pb_old_content":"","_et_gb_content_width":"","footnotes":""},"categories":[25,30,15],"tags":[65,64,86,85],"class_list":["post-1773","post","type-post","status-publish","format-standard","hentry","category-conseil-municipal","category-invitation-conseil-municipal","category-mairie","tag-coronavirus","tag-election-municipale-du-15-mars-2020","tag-elections-maire-et-adjoints","tag-installation-du-conseil"],"_links":{"self":[{"href":"https:\/\/www.monvillage.cafe\/saintmartinsurecaillon\/wp-json\/wp\/v2\/posts\/1773","targetHints":{"allow":["GET"]}}],"collection":[{"href":"https:\/\/www.monvillage.cafe\/saintmartinsurecaillon\/wp-json\/wp\/v2\/posts"}],"about":[{"href":"https:\/\/www.monvillage.cafe\/saintmartinsurecaillon\/wp-json\/wp\/v2\/types\/post"}],"author":[{"embeddable":true,"href":"https:\/\/www.monvillage.cafe\/saintmartinsurecaillon\/wp-json\/wp\/v2\/users\/1"}],"replies":[{"embeddable":true,"href":"https:\/\/www.monvillage.cafe\/saintmartinsurecaillon\/wp-json\/wp\/v2\/comments?post=1773"}],"version-history":[{"count":1,"href":"https:\/\/www.monvillage.cafe\/saintmartinsurecaillon\/wp-json\/wp\/v2\/posts\/1773\/revisions"}],"predecessor-version":[{"id":1774,"href":"https:\/\/www.monvillage.cafe\/saintmartinsurecaillon\/wp-json\/wp\/v2\/posts\/1773\/revisions\/1774"}],"wp:attachment":[{"href":"https:\/\/www.monvillage.cafe\/saintmartinsurecaillon\/wp-json\/wp\/v2\/media?parent=1773"}],"wp:term":[{"taxonomy":"category","embeddable":true,"href":"https:\/\/www.monvillage.cafe\/saintmartinsurecaillon\/wp-json\/wp\/v2\/categories?post=1773"},{"taxonomy":"post_tag","embeddable":true,"href":"https:\/\/www.monvillage.cafe\/saintmartinsurecaillon\/wp-json\/wp\/v2\/tags?post=1773"}],"curies":[{"name":"wp","href":"https:\/\/api.w.org\/{rel}","templated":true}]}}