{"id":1754,"date":"2020-04-05T17:24:00","date_gmt":"2020-04-05T15:24:00","guid":{"rendered":"https:\/\/www.monvillage.cafe\/saintmartinsurecaillon\/?p=1754"},"modified":"2023-09-08T11:41:07","modified_gmt":"2023-09-08T09:41:07","slug":"coronavirus-mon-village-cafe-article-de-la-voix-du-nord","status":"publish","type":"post","link":"https:\/\/www.monvillage.cafe\/saintmartinsurecaillon\/coronavirus-mon-village-cafe-article-de-la-voix-du-nord\/","title":{"rendered":"Coronavirus : Mon Village Caf\u00e9, article de la Voix du Nord"},"content":{"rendered":"\n<p>Nous vous annoncions il y a quelques jours que la Voix du Nord avait publi\u00e9 un article concernant l&rsquo;initiative dans notre village du \u00ab\u00a0Village caf\u00e9\u00a0\u00bb (<a href=\"https:\/\/sites.google.com\/a\/saintmartinsurecaillon.com\/mairie-de-saint-martin-sur-ecaillon\/avis-a-la-population\/lavoixdunordfrasaint-martin-sur-ecaillona18hchaquejourcestvillagecafe\">lavoixdunord.fr : \u00c0 Saint-Martin-sur-\u00c9caillon, \u00e0 18 h, chaque jour, c\u2019est Village caf\u00e9<\/a>). Une conf\u00e9rence t\u00e9l\u00e9phonique tous les jours \u00e0 18h afin de conserver le lien social entre tous.<\/p>\n\n\n\n<p>Nous avions jusqu&rsquo;\u00e0 pr\u00e9sent la version num\u00e9rique de cet article. Jeudi 2 avril, c&rsquo;est la version papier qui a \u00e9t\u00e9 diffus\u00e9e (et ce dans 4 \u00e9ditions : Cambrai, Valenciennes, Maubeuge, Douai !)\u00a0<\/p>\n\n\n\n<figure class=\"wp-block-image size-large\"><img decoding=\"async\" src=\"https:\/\/sites.google.com\/a\/saintmartinsurecaillon.com\/mairie-de-saint-martin-sur-ecaillon\/_\/rsrc\/1586095560032\/avis-a-la-population\/coronavirusmonvillagecafearticledelavoixdunord\/article%20vdn%20monvillagecafe.jpg\" alt=\"\"\/><figcaption class=\"wp-element-caption\">L&rsquo;article publi\u00e9 dans La Voix du Nord<\/figcaption><\/figure>\n\n\n\n<div class=\"wp-block-file\"><a id=\"wp-block-file--media-27ab8dba-2e5d-4d23-914e-02b646540db7\" href=\"https:\/\/www.monvillage.cafe\/saintmartinsurecaillon\/wp-content\/uploads\/sites\/2\/2020\/07\/vdn_02042020.pdf\">vdn_02042020<\/a><a href=\"https:\/\/www.monvillage.cafe\/saintmartinsurecaillon\/wp-content\/uploads\/sites\/2\/2020\/07\/vdn_02042020.pdf\" class=\"wp-block-file__button wp-element-button\" download aria-describedby=\"wp-block-file--media-27ab8dba-2e5d-4d23-914e-02b646540db7\">T\u00e9l\u00e9charger<\/a><\/div>\n","protected":false},"excerpt":{"rendered":"<p>Nous vous annoncions il y a quelques jours que la Voix du Nord avait publi\u00e9 un article concernant l&rsquo;initiative dans notre village du \u00ab\u00a0Village caf\u00e9\u00a0\u00bb (lavoixdunord.fr : \u00c0 Saint-Martin-sur-\u00c9caillon, \u00e0 18 h, chaque jour, c\u2019est Village caf\u00e9). Une conf\u00e9rence t\u00e9l\u00e9phonique tous les jours \u00e0 18h afin de conserver le lien social entre tous. Nous avions [&hellip;]<\/p>\n","protected":false},"author":1,"featured_media":0,"comment_status":"closed","ping_status":"open","sticky":false,"template":"","format":"standard","meta":{"_et_pb_use_builder":"off","_et_pb_old_content":"","_et_gb_content_width":"","footnotes":""},"categories":[4,6,78,34,13],"tags":[65,79,80],"class_list":["post-1754","post","type-post","status-publish","format-standard","hentry","category-divers","category-gestion-de-crise","category-presse","category-professionnels","category-coronavirus","tag-coronavirus","tag-lavoixdunord","tag-mon-village-cafe"],"_links":{"self":[{"href":"https:\/\/www.monvillage.cafe\/saintmartinsurecaillon\/wp-json\/wp\/v2\/posts\/1754","targetHints":{"allow":["GET"]}}],"collection":[{"href":"https:\/\/www.monvillage.cafe\/saintmartinsurecaillon\/wp-json\/wp\/v2\/posts"}],"about":[{"href":"https:\/\/www.monvillage.cafe\/saintmartinsurecaillon\/wp-json\/wp\/v2\/types\/post"}],"author":[{"embeddable":true,"href":"https:\/\/www.monvillage.cafe\/saintmartinsurecaillon\/wp-json\/wp\/v2\/users\/1"}],"replies":[{"embeddable":true,"href":"https:\/\/www.monvillage.cafe\/saintmartinsurecaillon\/wp-json\/wp\/v2\/comments?post=1754"}],"version-history":[{"count":3,"href":"https:\/\/www.monvillage.cafe\/saintmartinsurecaillon\/wp-json\/wp\/v2\/posts\/1754\/revisions"}],"predecessor-version":[{"id":4440,"href":"https:\/\/www.monvillage.cafe\/saintmartinsurecaillon\/wp-json\/wp\/v2\/posts\/1754\/revisions\/4440"}],"wp:attachment":[{"href":"https:\/\/www.monvillage.cafe\/saintmartinsurecaillon\/wp-json\/wp\/v2\/media?parent=1754"}],"wp:term":[{"taxonomy":"category","embeddable":true,"href":"https:\/\/www.monvillage.cafe\/saintmartinsurecaillon\/wp-json\/wp\/v2\/categories?post=1754"},{"taxonomy":"post_tag","embeddable":true,"href":"https:\/\/www.monvillage.cafe\/saintmartinsurecaillon\/wp-json\/wp\/v2\/tags?post=1754"}],"curies":[{"name":"wp","href":"https:\/\/api.w.org\/{rel}","templated":true}]}}