{"id":1752,"date":"2020-03-30T17:17:00","date_gmt":"2020-03-30T15:17:00","guid":{"rendered":"https:\/\/www.monvillage.cafe\/saintmartinsurecaillon\/?p=1752"},"modified":"2021-02-01T19:06:39","modified_gmt":"2021-02-01T18:06:39","slug":"lavoixdunord-fr-a-saint-martin-sur-ecaillon-a-18-h-chaque-jour-cest-village-cafe","status":"publish","type":"post","link":"https:\/\/www.monvillage.cafe\/saintmartinsurecaillon\/lavoixdunord-fr-a-saint-martin-sur-ecaillon-a-18-h-chaque-jour-cest-village-cafe\/","title":{"rendered":"lavoixdunord.fr : \u00c0 Saint-Martin-sur-\u00c9caillon, \u00e0 18 h, chaque jour, c\u2019est Village caf\u00e9"},"content":{"rendered":"\n<div class=\"wp-block-image\"><figure class=\"aligncenter size-large\"><img decoding=\"async\" src=\"https:\/\/sites.google.com\/a\/saintmartinsurecaillon.com\/mairie-de-saint-martin-sur-ecaillon\/_\/rsrc\/1585590467578\/avis-a-la-population\/lavoixdunordfrasaint-martin-sur-ecaillona18hchaquejourcestvillagecafe\/lavoixdunord.jpg\" alt=\"\"\/><\/figure><\/div>\n\n\n\n<p>Dans ce village du Solesmois de 500 \u00e2mes, il n\u2019y a plus ni caf\u00e9, ni magasin. Et quand bien m\u00eame il y en aurait, ils seraient ferm\u00e9s en cette p\u00e9riode de confinement. Alors est n\u00e9 le Village caf\u00e9\u2026<\/p>\n\n\n\n<p><a href=\"https:\/\/www.lavoixdunord.fr\/10050\/dpi-authors\/bruno-demeulenaere\" target=\"_blank\" rel=\"noreferrer noopener\">Bruno Demeulenaere<\/a>\u00a0|\u00a030\/03\/2020<\/p>\n\n\n\n<figure class=\"wp-block-image size-large\"><img decoding=\"async\" src=\"https:\/\/lvdneng.rosselcdn.net\/sites\/default\/files\/dpistyles_v2\/ena_16_9_extra_big\/2020\/03\/30\/node_733458\/46460440\/public\/2020\/03\/30\/B9723051574Z.1_20200330172322_000%2BG3AFQA0H7.1-0.jpg?itok=U9hRcfaG1585583755\" alt=\"\"\/><figcaption>Pascale et Didier Ramon, \u00e0 l\u2019initiative de ce projet Village caf\u00e9, au t\u00e9l\u00e9phone \u00e0 l\u2019occasion d\u2019un de ces rendez-vous quotidiens.<\/figcaption><\/figure>\n\n\n\n<p>\u00ab\u00a0<em>Nous vivons une p\u00e9riode historique, une p\u00e9riode difficile, une p\u00e9riode anxiog\u00e8ne<\/em>\u00a0\u00bb, ont simplement analys\u00e9 Pascale et Didier Ramon, habitants de Saint-Martin-sur-\u00c9caillon. Dans le cadre de Solutions lettres communication, son entreprise sp\u00e9cialis\u00e9e en strat\u00e9gie de d\u00e9veloppement d\u2019entreprises, ce couple dispose d\u2019une ligne sp\u00e9cifique permettant les conf\u00e9rences t\u00e9l\u00e9phoniques\u00a0: elle lui permet \u00ab\u00a0<em>d\u2019avoir des discussions avec divers clients, au m\u00eame moment, d\u2019un peu partout en France et \u00e0 l\u2019\u00e9tranger<\/em>\u00a0\u00bb. Et en cette p\u00e9riode de\u00a0<a href=\"https:\/\/www.lavoixdunord.fr\/tags\/confinement\">confinement<\/a>, l\u2019id\u00e9e est venue aux entrepreneurs d\u2019en faire profiter la population\u2026<\/p>\n\n\n\n<p><em><strong>L\u2019objectif&nbsp;? \u00ab&nbsp; Permettre aux villageois, parmi lesquels une proportion de personnes avan\u00e7ant en \u00e2ge assez certaine, de se retrouver, un peu comme ils le feraient au caf\u00e9 du coin\u2026&nbsp;<\/strong><\/em>qui n\u2019existe plus \u00e0 Saint-Martin &nbsp;\u00bb, pr\u00e9sente Didier Ramon. \u00ab&nbsp;<em>C\u2019est notre petite contribution en cette p\u00e9riode difficile<\/em>, poursuit Pascale Ramon.&nbsp;<em>On recr\u00e9e un peu de lien en permettant \u00e0 chacun de discuter<\/em>&nbsp;\u00bb.<\/p>\n\n\n\n<p><strong>Rendez-vous est donn\u00e9 au \u00ab&nbsp;Village caf\u00e9&nbsp;\u00bb, chaque jour en fin d\u2019apr\u00e8s-midi, de 18 h \u00e0 19 h.<\/strong>&nbsp;Le syst\u00e8me est \u00ab&nbsp;<em>le plus simple et surtout accessible \u00e0 tous<\/em>&nbsp;\u00bb&nbsp;: pas besoin de smartphone ou de connexion informatique compliqu\u00e9, mais juste un num\u00e9ro de t\u00e9l\u00e9phone \u00e0 composer, sans surco\u00fbt.<\/p>\n\n\n\n<h2 class=\"wp-block-heading\">Un caf\u00e9 virtuel<\/h2>\n\n\n\n<p>M\u00eame sans grande publicit\u00e9,&nbsp;<strong>du monde s\u2019est pr\u00e9sent\u00e9 au \u00ab&nbsp;<em>caf\u00e9 virtuel<\/em>&nbsp;\u00bb de Saint-Martin, d\u00e8s le premier soir (c\u2019\u00e9tait mercredi)&nbsp;<\/strong>\u00ab&nbsp;<em>pour discuter, prendre des nouvelles, refaire le monde\u2026<\/em>&nbsp;\u00bb. On parle \u00e9videmment de tout, et surtout du&nbsp;<a href=\"https:\/\/www.lavoixdunord.fr\/sante\/coronavirus\">coronavirus<\/a>. M. Ramon a partag\u00e9 ses connaissances de la Chine o\u00f9 la pand\u00e9mie a d\u00e9but\u00e9, et m\u00eame de cette r\u00e9gion de Wuhan o\u00f9 il a commerc\u00e9.&nbsp;<strong>Dans la suite de la discussion, des id\u00e9es sont n\u00e9es, comme celle de cr\u00e9er une \u00ab&nbsp;bo\u00eete \u00e0 livres&nbsp;\u00bb<\/strong>, o\u00f9 chacun pourrait se servir, sous l\u2019aubette situ\u00e9e face \u00e0 la mairie.<\/p>\n\n\n\n<p><strong>Le maire Michel Dhaneus est ravi de cette initiative<\/strong>&nbsp;\u00ab&nbsp;<em>qui aura permis aux habitants, malgr\u00e9 tout pr\u00e9occup\u00e9s, de discuter, de se lib\u00e9rer de leurs inqui\u00e9tudes<\/em>&nbsp;\u00bb. L\u2019\u00e9lu l\u2019est d\u2019autant plus que cette d\u00e9marche fait figure de \u00ab&nbsp;<em>pr\u00e9mices de ce que nous voulons cr\u00e9er \u00e0 Saint-Martin<\/em>&nbsp;\u00bb. L\u2019id\u00e9e a \u00e9t\u00e9 \u00e9voqu\u00e9e \u00e0 l\u2019occasion des municipales o\u00f9 la seule liste en lice a \u00e9t\u00e9 pl\u00e9biscit\u00e9e au premier tour&nbsp;: \u00ab&nbsp;<em>Nous souhaitons ouvrir un point de rencontre.<\/em>&nbsp;\u00bb L\u2019endroit ferait office de biblioth\u00e8que, de point de retrait de colis, de petite \u00e9picerie, de caf\u00e9, de d\u00e9p\u00f4t de pain\u2026 \u00ab&nbsp;<em>Ce projet me tient \u00e0 c\u0153ur\u2026<\/em>&nbsp;\u00bb Cette initiative pourrait profiter du programme \u00ab&nbsp;<em>1 000 caf\u00e9s<\/em>&nbsp;\u00bb, \u00e0 laquelle la commune a \u00e9t\u00e9 une des premi\u00e8res \u00e0 candidater.<\/p>\n\n\n\n<p><small>Un seul num\u00e9ro pour se connecter&nbsp;: le 09 72 160 960\u2026 de 18 h \u00e0 19 h&nbsp;!&nbsp;<\/small><\/p>\n\n\n\n<p>La chansonnette<\/p>\n\n\n\n<p>Ce nouveau rendez-vous quotidien \u00e0 Saint-Martin-sur-caillon est propice \u00e0 de belles surprises&nbsp;: il y a \u00e9videmment ces retrouvailles au d\u00e9tour d\u2019un coup de fil&#8230; et puis il y a Guy Miniscloux.<\/p>\n\n\n\n<p>Ce retrait\u00e9 s\u2019est amus\u00e9 \u00e0 pousser la chansonnette lors d\u2019une de ces conf\u00e9rences t\u00e9l\u00e9phoniques, avec des paroles de son cru et de circonstances. \u00ab&nbsp;<em>Corona s\u2019en ira et la vie reprendra&nbsp;; pour l\u2019instant, il faut rester chez toi (&#8230;) On s\u2019en sortira comme toujours en France<\/em>&nbsp;\u00bb&nbsp;\u00bb, a entonn\u00e9 l\u2019octog\u00e9naire avec un fort belle voix. Belle voix dont l\u2019ancien travailleur social, aux faux airs du regrett\u00e9 Raymond Devos, faisait profiter ses amis lors du repas des aines en racontant de nombreux calembours verbaux.<\/p>\n\n\n\n<p>B. D.<\/p>\n\n\n\n<figure class=\"wp-block-embed-youtube wp-block-embed is-type-video is-provider-youtube wp-embed-aspect-16-9 wp-has-aspect-ratio\"><div class=\"wp-block-embed__wrapper\">\n<iframe loading=\"lazy\" title=\"Covid-19 : on sen sortira\" width=\"1080\" height=\"608\" src=\"https:\/\/www.youtube.com\/embed\/03431VU3xDU?feature=oembed\" frameborder=\"0\" allow=\"accelerometer; autoplay; encrypted-media; gyroscope; picture-in-picture\" allowfullscreen><\/iframe>\n<\/div><\/figure>\n\n\n\n<p>Source :\u00a0<a href=\"https:\/\/www.lavoixdunord.fr\/733458\/article\/2020-03-30\/saint-martin-sur-ecaillon-18-h-chaque-jour-c-est-village-cafe?&amp;pooolrelease\" target=\"_blank\" rel=\"noreferrer noopener\">https:\/\/www.lavoixdunord.fr\/733458\/article\/2020-03-30\/saint-martin-sur-ecaillon-18-h-chaque-jour-c-est-village-cafe?&amp;pooolrelease<\/a><\/p>\n","protected":false},"excerpt":{"rendered":"<p>Dans ce village du Solesmois de 500 \u00e2mes, il n\u2019y a plus ni caf\u00e9, ni magasin. Et quand bien m\u00eame il y en aurait, ils seraient ferm\u00e9s en cette p\u00e9riode de confinement. Alors est n\u00e9 le Village caf\u00e9\u2026 Bruno Demeulenaere\u00a0|\u00a030\/03\/2020 \u00ab\u00a0Nous vivons une p\u00e9riode historique, une p\u00e9riode difficile, une p\u00e9riode anxiog\u00e8ne\u00a0\u00bb, ont simplement analys\u00e9 Pascale [&hellip;]<\/p>\n","protected":false},"author":1,"featured_media":0,"comment_status":"closed","ping_status":"open","sticky":false,"template":"","format":"standard","meta":{"_et_pb_use_builder":"off","_et_pb_old_content":"","_et_gb_content_width":"","footnotes":""},"categories":[4,6,78,34,13],"tags":[65,79,80],"class_list":["post-1752","post","type-post","status-publish","format-standard","hentry","category-divers","category-gestion-de-crise","category-presse","category-professionnels","category-coronavirus","tag-coronavirus","tag-lavoixdunord","tag-mon-village-cafe"],"_links":{"self":[{"href":"https:\/\/www.monvillage.cafe\/saintmartinsurecaillon\/wp-json\/wp\/v2\/posts\/1752","targetHints":{"allow":["GET"]}}],"collection":[{"href":"https:\/\/www.monvillage.cafe\/saintmartinsurecaillon\/wp-json\/wp\/v2\/posts"}],"about":[{"href":"https:\/\/www.monvillage.cafe\/saintmartinsurecaillon\/wp-json\/wp\/v2\/types\/post"}],"author":[{"embeddable":true,"href":"https:\/\/www.monvillage.cafe\/saintmartinsurecaillon\/wp-json\/wp\/v2\/users\/1"}],"replies":[{"embeddable":true,"href":"https:\/\/www.monvillage.cafe\/saintmartinsurecaillon\/wp-json\/wp\/v2\/comments?post=1752"}],"version-history":[{"count":1,"href":"https:\/\/www.monvillage.cafe\/saintmartinsurecaillon\/wp-json\/wp\/v2\/posts\/1752\/revisions"}],"predecessor-version":[{"id":1753,"href":"https:\/\/www.monvillage.cafe\/saintmartinsurecaillon\/wp-json\/wp\/v2\/posts\/1752\/revisions\/1753"}],"wp:attachment":[{"href":"https:\/\/www.monvillage.cafe\/saintmartinsurecaillon\/wp-json\/wp\/v2\/media?parent=1752"}],"wp:term":[{"taxonomy":"category","embeddable":true,"href":"https:\/\/www.monvillage.cafe\/saintmartinsurecaillon\/wp-json\/wp\/v2\/categories?post=1752"},{"taxonomy":"post_tag","embeddable":true,"href":"https:\/\/www.monvillage.cafe\/saintmartinsurecaillon\/wp-json\/wp\/v2\/tags?post=1752"}],"curies":[{"name":"wp","href":"https:\/\/api.w.org\/{rel}","templated":true}]}}